{"id":33135,"date":"2022-10-03T13:36:00","date_gmt":"2022-10-03T16:36:00","guid":{"rendered":"https:\/\/www.radiopresidenteibanez.cl\/web\/?p=33135"},"modified":"2022-10-03T11:39:57","modified_gmt":"2022-10-03T14:39:57","slug":"operativo-de-limpieza-de-playa-se-efectuo-en-porvenir-con-la-participacion-de-estudiantes","status":"publish","type":"post","link":"https:\/\/www.radiopresidenteibanez.cl\/web\/operativo-de-limpieza-de-playa-se-efectuo-en-porvenir-con-la-participacion-de-estudiantes\/","title":{"rendered":"Operativo de Limpieza de Playa se efectu\u00f3 en Porvenir con la participaci\u00f3n de estudiantes"},"content":{"rendered":"\n<p>El D\u00eda Internacional de Limpieza de Playas es una actividad que se realiza en m\u00e1s de 120 pa\u00edses durante el mes Septiembre de cada a\u00f1o, dirigido por la organizaci\u00f3n no Gubernamental \u00abOcean Conservancy\u00bb, a trav\u00e9s de su Programa \u00abInternational Coastal Cleanup\u00bb, con la finalidad de recoger la basura y los desechos s\u00f3lidos de las playas y r\u00edos, e identificar las fuentes de estos residuos, para contribuir a la modificaci\u00f3n de h\u00e1bitos y comportamientos que producen la contaminaci\u00f3n de estos espacios.<br>En Chile, esta actividad se realiza desde el a\u00f1o 2005, y es organizada desde el a\u00f1o 2008 por la Direcci\u00f3n General del Territorio Mar\u00edtimo y de Marina Mercante de la Armada de Chile (DIRECTEMAR), y desde el a\u00f1o 2011 se ha sumado el Ministerio de Medio Ambiente.<br>La comuna de Porvenir no estuvo ausente de esta actividad, y es as\u00ed que bajo la coordinaci\u00f3n de la Capitan\u00eda de Puerto de Tierra del Fuego se efectu\u00f3 el operativo de limpieza costera que abarc\u00f3 desde las oficinas de Tabsa hasta el estadio municipal.<br>En esta oportunidad hubo una entusiasta participaci\u00f3n de los estudiantes del Liceo Polivalente Hernando de Magallanes, Escuela Bernardo O`Higgins y colegio Mar\u00eda Auxiliadora a ellos se sum\u00f3 personal del destacamento N 11 Caupolic\u00e1n, Profesores y parte de la dotaci\u00f3n de Capitan\u00eda de Puerto que en su conjunto lograron extraer todo tipo de desechos, botellas y bolsas pl\u00e1sticas, entre otras.<br>La empresa Bakkavor en su compromiso permanente de ayuda a la comunidad y protecci\u00f3n del medioambiente, entreg\u00f3 todo lo que corresponde a guantes, mascarillas, bolsas de recolecci\u00f3n y las colaciones para todos los que ayudaron en esta campa\u00f1a y que fueron cerca de 150 personas y cuya entrega la materializ\u00f3 la ejecutiva de la compa\u00f1\u00eda Andrea Monge Alarc\u00f3n.<br>Cabe hacer presente que el operativo se efectu\u00f3 en la ma\u00f1ana del viernes 25 de septiembre en una jornada que se caracteriz\u00f3 por presentarse los cielos cubiertos y con una temperatura de 6 grados lo que no fue impedimento para que lograran extraerse cerca de una camionada de basura del borde costero porvenire\u00f1o.<\/p>\n","protected":false},"excerpt":{"rendered":"<p>El D\u00eda Internacional de Limpieza de Playas es una actividad que se realiza en m\u00e1s de 120 pa\u00edses durante el mes Septiembre de cada a\u00f1o, dirigido por la organizaci\u00f3n no&#8230; <a class=\"read-more\" href=\"https:\/\/www.radiopresidenteibanez.cl\/web\/operativo-de-limpieza-de-playa-se-efectuo-en-porvenir-con-la-participacion-de-estudiantes\/\">Leer m\u00e1s<\/a><\/p>\n","protected":false},"author":2,"featured_media":33136,"comment_status":"closed","ping_status":"closed","sticky":false,"template":"","format":"standard","meta":{"footnotes":""},"categories":[1],"tags":[],"class_list":["post-33135","post","type-post","status-publish","format-standard","has-post-thumbnail","hentry","category-cronica"],"_links":{"self":[{"href":"https:\/\/www.radiopresidenteibanez.cl\/web\/wp-json\/wp\/v2\/posts\/33135","targetHints":{"allow":["GET"]}}],"collection":[{"href":"https:\/\/www.radiopresidenteibanez.cl\/web\/wp-json\/wp\/v2\/posts"}],"about":[{"href":"https:\/\/www.radiopresidenteibanez.cl\/web\/wp-json\/wp\/v2\/types\/post"}],"author":[{"embeddable":true,"href":"https:\/\/www.radiopresidenteibanez.cl\/web\/wp-json\/wp\/v2\/users\/2"}],"replies":[{"embeddable":true,"href":"https:\/\/www.radiopresidenteibanez.cl\/web\/wp-json\/wp\/v2\/comments?post=33135"}],"version-history":[{"count":0,"href":"https:\/\/www.radiopresidenteibanez.cl\/web\/wp-json\/wp\/v2\/posts\/33135\/revisions"}],"wp:featuredmedia":[{"embeddable":true,"href":"https:\/\/www.radiopresidenteibanez.cl\/web\/wp-json\/wp\/v2\/media\/33136"}],"wp:attachment":[{"href":"https:\/\/www.radiopresidenteibanez.cl\/web\/wp-json\/wp\/v2\/media?parent=33135"}],"wp:term":[{"taxonomy":"category","embeddable":true,"href":"https:\/\/www.radiopresidenteibanez.cl\/web\/wp-json\/wp\/v2\/categories?post=33135"},{"taxonomy":"post_tag","embeddable":true,"href":"https:\/\/www.radiopresidenteibanez.cl\/web\/wp-json\/wp\/v2\/tags?post=33135"}],"curies":[{"name":"wp","href":"https:\/\/api.w.org\/{rel}","templated":true}]}}