{"id":33132,"date":"2022-10-03T11:49:00","date_gmt":"2022-10-03T14:49:00","guid":{"rendered":"https:\/\/www.radiopresidenteibanez.cl\/web\/?p=33132"},"modified":"2022-10-03T11:04:02","modified_gmt":"2022-10-03T14:04:02","slug":"minvu-obtuvo-recomendacion-satisfactoria-para-gestionar-financiamiento-de-bandejones-de-avenida-espana","status":"publish","type":"post","link":"https:\/\/www.radiopresidenteibanez.cl\/web\/minvu-obtuvo-recomendacion-satisfactoria-para-gestionar-financiamiento-de-bandejones-de-avenida-espana\/","title":{"rendered":"MINVU obtuvo Recomendaci\u00f3n Satisfactoria para gestionar financiamiento de bandejones de Avenida Espa\u00f1a"},"content":{"rendered":"\n<p>El Seremi de Vivienda y Urbanismo, Marco Uribe Saldivia, anunci\u00f3 que este viernes&nbsp;el proyecto de mejoramiento de los bandejones centrales de Avenida Espa\u00f1a, entre las avenidas Independencia y Col\u00f3n, obtuvo el permiso para comenzar con la asignaci\u00f3n de presupuesto para su intervenci\u00f3n, lo que se espera concretar durante el Gobierno del Presidente Gabriel Boric.<\/p>\n\n\n\n<p>El proyecto hab\u00eda sido ingresado a la&nbsp;Seremi de Desarrollo Social y Familia para su evaluaci\u00f3n, recibiendo la Recomendaci\u00f3n Satisfactoria (RS) en el Sistema Nacional de Inversiones, tr\u00e1mite necesario para que los proyectos del sector p\u00fablico puedan ser ejecutados.<\/p>\n\n\n\n<p>\u201cLa aprobaci\u00f3n de esta importante obra urbana nos permite gestionar el financiamiento de este proyecto que vendr\u00e1 a consolidar la Avenida Espa\u00f1a, en el casco hist\u00f3rico de Punta Arenas, potenciando sus \u00e1reas verdes con la recuperaci\u00f3n paisaj\u00edstica de las zonas m\u00e1s deterioradas\u201d, explic\u00f3 el Seremi MINVU, Marco Uribe Saldivia, agregando que la obra contempla \u201cla construcci\u00f3n de senderos peatonales dotados de accesibilidad universal, iluminaci\u00f3n y mobiliario urbano\u201d.<\/p>\n\n\n\n<p>En su etapa de dise\u00f1o el proyecto denominado \u201cMejoramiento \u00c1reas Verdes Avenida Espa\u00f1a\u201d, fue financiado por el Programa de Espacios P\u00fablicos del Ministerio de Vivienda y Urbanismo, siendo adjudicado a T\u00e1ndem Consultores y contando con el Serviu regional como Unidad T\u00e9cnica. La zona a intervenir supera los 15 mil metros cuadrados de \u00e1reas verdes y la inversi\u00f3n proyectada alcanza los 887 millones de pesos.<\/p>\n\n\n\n<p>Las mejoras buscar\u00e1n resolver los problemas de inseguridad detectados por residentes del sector y comunidad en general, relacionados principalmente con la escasa iluminaci\u00f3n y el flujo vehicular intensivo, adem\u00e1s de senderos peatonales discontinuos y cruces carentes de accesibilidad universal.<\/p>\n\n\n\n<p>A fin de proteger las especies arb\u00f3reas, se conservar\u00e1n todos los ejemplares ubicados en el tramo, en tanto la ruta accesible se conformar\u00e1 sobre la huella existente, habilitando los cruces de acuerdo a la normativa vigente. El proyecto tambi\u00e9n incorporar\u00e1 la ciclov\u00eda de alto est\u00e1ndar, dise\u00f1ada en el marco de la Red de 60 kil\u00f3metros de Ciclo Rutas del Minvu.<\/p>\n","protected":false},"excerpt":{"rendered":"<p>El Seremi de Vivienda y Urbanismo, Marco Uribe Saldivia, anunci\u00f3 que este viernes&nbsp;el proyecto de mejoramiento de los bandejones centrales de Avenida Espa\u00f1a, entre las avenidas Independencia y Col\u00f3n, obtuvo&#8230; <a class=\"read-more\" href=\"https:\/\/www.radiopresidenteibanez.cl\/web\/minvu-obtuvo-recomendacion-satisfactoria-para-gestionar-financiamiento-de-bandejones-de-avenida-espana\/\">Leer m\u00e1s<\/a><\/p>\n","protected":false},"author":2,"featured_media":33133,"comment_status":"closed","ping_status":"closed","sticky":false,"template":"","format":"standard","meta":{"footnotes":""},"categories":[1],"tags":[],"class_list":["post-33132","post","type-post","status-publish","format-standard","has-post-thumbnail","hentry","category-cronica"],"_links":{"self":[{"href":"https:\/\/www.radiopresidenteibanez.cl\/web\/wp-json\/wp\/v2\/posts\/33132","targetHints":{"allow":["GET"]}}],"collection":[{"href":"https:\/\/www.radiopresidenteibanez.cl\/web\/wp-json\/wp\/v2\/posts"}],"about":[{"href":"https:\/\/www.radiopresidenteibanez.cl\/web\/wp-json\/wp\/v2\/types\/post"}],"author":[{"embeddable":true,"href":"https:\/\/www.radiopresidenteibanez.cl\/web\/wp-json\/wp\/v2\/users\/2"}],"replies":[{"embeddable":true,"href":"https:\/\/www.radiopresidenteibanez.cl\/web\/wp-json\/wp\/v2\/comments?post=33132"}],"version-history":[{"count":0,"href":"https:\/\/www.radiopresidenteibanez.cl\/web\/wp-json\/wp\/v2\/posts\/33132\/revisions"}],"wp:featuredmedia":[{"embeddable":true,"href":"https:\/\/www.radiopresidenteibanez.cl\/web\/wp-json\/wp\/v2\/media\/33133"}],"wp:attachment":[{"href":"https:\/\/www.radiopresidenteibanez.cl\/web\/wp-json\/wp\/v2\/media?parent=33132"}],"wp:term":[{"taxonomy":"category","embeddable":true,"href":"https:\/\/www.radiopresidenteibanez.cl\/web\/wp-json\/wp\/v2\/categories?post=33132"},{"taxonomy":"post_tag","embeddable":true,"href":"https:\/\/www.radiopresidenteibanez.cl\/web\/wp-json\/wp\/v2\/tags?post=33132"}],"curies":[{"name":"wp","href":"https:\/\/api.w.org\/{rel}","templated":true}]}}