{"id":33126,"date":"2022-10-03T09:29:00","date_gmt":"2022-10-03T12:29:00","guid":{"rendered":"https:\/\/www.radiopresidenteibanez.cl\/web\/?p=33126"},"modified":"2022-10-03T09:02:13","modified_gmt":"2022-10-03T12:02:13","slug":"sumario-contra-el-medico-psiquiatra-dr-juan-vukusich-no-logro-destituirlo-de-su-cargo","status":"publish","type":"post","link":"https:\/\/www.radiopresidenteibanez.cl\/web\/sumario-contra-el-medico-psiquiatra-dr-juan-vukusich-no-logro-destituirlo-de-su-cargo\/","title":{"rendered":"Sumario contra el m\u00e9dico psiquiatra Dr Juan Vukusich no logr\u00f3 destituirlo de su cargo"},"content":{"rendered":"\n<p>Luego de un extenso sumario, que dur\u00f3 cerca de 3 a\u00f1os y que persegu\u00eda culpar al Dr. Juan Vukusich Director de Salud Mental del servicio de Salud Magallanes en 7 cargos, no lograron destituirlo<br>Los pacientes, familiares y amigos nos encontramos felices y satisfechos que a la brevedad podremos contar con nuestro medico en su consulta en el centro de salud mental Miraflores<br>Recordemos que producto de este sumario que hubo en contra de Vukusich, hubo suspensi\u00f3n de sus funciones en forma inmediata, la PDI incaut\u00f3 su computador y material de trabajo, hubo una orden de prohibici\u00f3n de acercamiento al centro de salud mental Miraflores, desapareci\u00f3 el libro de firmas de asistencia del m\u00e9dico juan Vukusich<br>Reci\u00e9n despu\u00e9s de 45 d\u00edas de su suspensi\u00f3n, reci\u00e9n se establece que atendiera en la casa de acogida, lugar que no contaba con las facilidades ni siquiera con un box para que trabajara, esto obviamente en perjuicio no solo para el medico sino tambi\u00e9n para los pacientes que deben atenderse en la casa de acogida del Hospital Cl\u00ednico y luego trasladarse hasta el Centro de Salud Miraflores para retirar sus medicamentos<br>Durante estos largos 3 a\u00f1os se quiso denostar con esta persecuci\u00f3n a un profesional de la salud mental con una trayectoria a toda prueba y con una entrega inconfundible con sus pacientes<br>Esperamos que en el corto plazo el m\u00e9dico psiquiatra juan Vukusich retome todas las funciones de las que se le alej\u00f3 producto de estas infundadas acusaciones<\/p>\n","protected":false},"excerpt":{"rendered":"<p>Luego de un extenso sumario, que dur\u00f3 cerca de 3 a\u00f1os y que persegu\u00eda culpar al Dr. Juan Vukusich Director de Salud Mental del servicio de Salud Magallanes en 7&#8230; <a class=\"read-more\" href=\"https:\/\/www.radiopresidenteibanez.cl\/web\/sumario-contra-el-medico-psiquiatra-dr-juan-vukusich-no-logro-destituirlo-de-su-cargo\/\">Leer m\u00e1s<\/a><\/p>\n","protected":false},"author":2,"featured_media":33127,"comment_status":"closed","ping_status":"closed","sticky":false,"template":"","format":"standard","meta":{"footnotes":""},"categories":[1],"tags":[],"class_list":["post-33126","post","type-post","status-publish","format-standard","has-post-thumbnail","hentry","category-cronica"],"_links":{"self":[{"href":"https:\/\/www.radiopresidenteibanez.cl\/web\/wp-json\/wp\/v2\/posts\/33126","targetHints":{"allow":["GET"]}}],"collection":[{"href":"https:\/\/www.radiopresidenteibanez.cl\/web\/wp-json\/wp\/v2\/posts"}],"about":[{"href":"https:\/\/www.radiopresidenteibanez.cl\/web\/wp-json\/wp\/v2\/types\/post"}],"author":[{"embeddable":true,"href":"https:\/\/www.radiopresidenteibanez.cl\/web\/wp-json\/wp\/v2\/users\/2"}],"replies":[{"embeddable":true,"href":"https:\/\/www.radiopresidenteibanez.cl\/web\/wp-json\/wp\/v2\/comments?post=33126"}],"version-history":[{"count":0,"href":"https:\/\/www.radiopresidenteibanez.cl\/web\/wp-json\/wp\/v2\/posts\/33126\/revisions"}],"wp:featuredmedia":[{"embeddable":true,"href":"https:\/\/www.radiopresidenteibanez.cl\/web\/wp-json\/wp\/v2\/media\/33127"}],"wp:attachment":[{"href":"https:\/\/www.radiopresidenteibanez.cl\/web\/wp-json\/wp\/v2\/media?parent=33126"}],"wp:term":[{"taxonomy":"category","embeddable":true,"href":"https:\/\/www.radiopresidenteibanez.cl\/web\/wp-json\/wp\/v2\/categories?post=33126"},{"taxonomy":"post_tag","embeddable":true,"href":"https:\/\/www.radiopresidenteibanez.cl\/web\/wp-json\/wp\/v2\/tags?post=33126"}],"curies":[{"name":"wp","href":"https:\/\/api.w.org\/{rel}","templated":true}]}}