{"id":33096,"date":"2022-09-30T16:20:00","date_gmt":"2022-09-30T19:20:00","guid":{"rendered":"https:\/\/www.radiopresidenteibanez.cl\/web\/?p=33096"},"modified":"2022-09-30T10:33:13","modified_gmt":"2022-09-30T13:33:13","slug":"programa-para-personas-dependientes-y-sus-cuidadores-busca-ampliar-en-un-27-su-cobertura-en-natales","status":"publish","type":"post","link":"https:\/\/www.radiopresidenteibanez.cl\/web\/programa-para-personas-dependientes-y-sus-cuidadores-busca-ampliar-en-un-27-su-cobertura-en-natales\/","title":{"rendered":"Programa para personas dependientes y sus cuidadores busca ampliar en un 27% su cobertura en Natales"},"content":{"rendered":"\n<p>&nbsp;En la comuna de Natales se llev\u00f3 a cabo una ceremonia de cierre de la quinta versi\u00f3n del Programa Red Local de Apoyos y Cuidados \u2013PRLAC, dependiente del Ministerio de Desarrollo Social y Familia, y destinado a apoyar a las personas dependientes funcionales, y a las personas que entregan cuidados, entendi\u00e9ndose como cuidadores y cuidadoras no remuneradas.<\/p>\n\n\n\n<p>Este programa es parte de una de las 25 medidas del Plan Chile Apoya, presentado por el Presidente Gabriel Boric el pasado 7 de abril, y que busca ampliar la cobertura de municipios que ejecutan este programa, pasando de 62 a 90 comunas.<\/p>\n\n\n\n<p>Para el Secretario Regional de Desarrollo Social y Familia, Danilo Mimica Mansilla, \u201choy estamos concluyendo la quinta versi\u00f3n de este programa que se viene ejecutando de manera ininterrumpida desde el a\u00f1o 2017 en Natales por su municipio. Este programa que entrega en concreto servicios y prestaciones para disminuir la progresi\u00f3n de la dependencia, y&nbsp; a su vez, la sobrecarga en el cuidador, para su pr\u00f3xima versi\u00f3n tendr\u00e1 un aumento de 27,8 %, lo que significa incluir a 21 diadas, es decir 42 nuevas personas. Hoy nos acompa\u00f1an representantes de las&nbsp;familias que participaron, quienes son un ejemplo de lo fundamental que resulta para ellas contar con este programa que simboliza el primer paso para poder implementar en el pa\u00eds el Sistema Nacional de Cuidados\u201d.<\/p>\n\n\n\n<p>La realizaci\u00f3n de la quinta versi\u00f3n tuvo un costo de $115.588.474 que fue traspasado por parte de la Secretar\u00eda Regional a la Municipalidad de Natales, quien ejecut\u00f3 el programa. Esta versi\u00f3n se llev\u00f3 a cabo en un tiempo de 12 meses, y tuvo una cobertura de 50 diadas, es decir 100 personas.<\/p>\n\n\n\n<p>A su vez, la Alcaldesa de Natales, Antonieta Oyarzo Alvarado, se\u00f1al\u00f3 que \u201cel cuidado tiene que ver con un acto de generosidad, de desprendimiento, donde sentimos un afecto, a veces por alguien desconocido, como si fuera nuestra familia.&nbsp; El cuidado est\u00e1 asociado no s\u00f3lo a la salud, sino que tambi\u00e9n con un derecho integral a sentirse bien hasta el \u00faltimo d\u00eda de nuestras vidas, y de eso trata el Programa Red Local de Apoyos y Cuidados. El Estado debe progresar en lo que se refiere a pol\u00edticas p\u00fablicas que tengan el foco en la labor del cuidado, hasta llegar a transformarse en un derecho garantizado. Como municipalidad queremos agradecer esta pol\u00edtica p\u00fablica del Ministerio de Desarrollo Social y Familia porque ha permitido que muchos vecinos tengan hoy una mejor calidad de vida\u201d.<\/p>\n\n\n\n<p>V\u00edctor Villarroel Ojeda es uno de los usuarios del programa<strong>.&nbsp;<\/strong>Al respecto enfatiz\u00f3 su alegr\u00eda,se\u00f1alando que<strong>&nbsp;\u201c<\/strong>estoy muy contento con este programa porque me ha ayudado a llevar mi condici\u00f3n de discapacitado. He recibido mucha ayuda de los trabajadores y estoy contento de saber que el programa va a continuar. La cama especial que me trajeron me cambi\u00f3 la vida, y ahora me permite descansar bien, porque es una cama para personas de mi condici\u00f3n. Mi problema en las piernas lo tengo desde hace tres a\u00f1os, y desde ese momento, siempre me han ido a ver\u201d.<\/p>\n\n\n\n<p>Actualmente, Red Local de Apoyos y Cuidados se implementa en las comunas de Natales, Cabo de Hornos, y pr\u00f3ximamente en Punta Arenas. Para ser parte del PRLAC los requisitos son pertenecer a hogares en el estrato del 60% o menor de calificaci\u00f3n socioecon\u00f3mica (CSE) seg\u00fan el Registro Social de Hogares.<\/p>\n\n\n\n<p><strong>Funcionamiento del programa<\/strong><\/p>\n\n\n\n<p>El programa brinda un servicio de atenci\u00f3n domiciliaria, que pone a disposici\u00f3n de un asistente para disminuir la sobrecarga del cuidador\/a principal que atiende a la persona con dependencia.<\/p>\n\n\n\n<p>Este profesional de apoyo asiste al hogar dos veces por semana (durante 4 horas por d\u00eda) para colaborar en algunas tareas cotidianas, a fin de que el cuidador pueda salir y realizar sus actividades fuera del hogar, y no dejar solo a la persona con dependencia.<\/p>\n\n\n\n<p>Tambi\u00e9n, otorga el financiamiento de servicios especializados, que son bienes o servicios que el programa pone a disposici\u00f3n de la persona con dependencia funcional para cubrir sus necesidades particulares, como por ejemplo, la ayuda de un psic\u00f3logo, kinesi\u00f3logo, pod\u00f3logo, dentista o peluquero.<\/p>\n","protected":false},"excerpt":{"rendered":"<p>&nbsp;En la comuna de Natales se llev\u00f3 a cabo una ceremonia de cierre de la quinta versi\u00f3n del Programa Red Local de Apoyos y Cuidados \u2013PRLAC, dependiente del Ministerio de&#8230; <a class=\"read-more\" href=\"https:\/\/www.radiopresidenteibanez.cl\/web\/programa-para-personas-dependientes-y-sus-cuidadores-busca-ampliar-en-un-27-su-cobertura-en-natales\/\">Leer m\u00e1s<\/a><\/p>\n","protected":false},"author":2,"featured_media":33097,"comment_status":"closed","ping_status":"closed","sticky":false,"template":"","format":"standard","meta":{"footnotes":""},"categories":[1],"tags":[],"class_list":["post-33096","post","type-post","status-publish","format-standard","has-post-thumbnail","hentry","category-cronica"],"_links":{"self":[{"href":"https:\/\/www.radiopresidenteibanez.cl\/web\/wp-json\/wp\/v2\/posts\/33096","targetHints":{"allow":["GET"]}}],"collection":[{"href":"https:\/\/www.radiopresidenteibanez.cl\/web\/wp-json\/wp\/v2\/posts"}],"about":[{"href":"https:\/\/www.radiopresidenteibanez.cl\/web\/wp-json\/wp\/v2\/types\/post"}],"author":[{"embeddable":true,"href":"https:\/\/www.radiopresidenteibanez.cl\/web\/wp-json\/wp\/v2\/users\/2"}],"replies":[{"embeddable":true,"href":"https:\/\/www.radiopresidenteibanez.cl\/web\/wp-json\/wp\/v2\/comments?post=33096"}],"version-history":[{"count":0,"href":"https:\/\/www.radiopresidenteibanez.cl\/web\/wp-json\/wp\/v2\/posts\/33096\/revisions"}],"wp:featuredmedia":[{"embeddable":true,"href":"https:\/\/www.radiopresidenteibanez.cl\/web\/wp-json\/wp\/v2\/media\/33097"}],"wp:attachment":[{"href":"https:\/\/www.radiopresidenteibanez.cl\/web\/wp-json\/wp\/v2\/media?parent=33096"}],"wp:term":[{"taxonomy":"category","embeddable":true,"href":"https:\/\/www.radiopresidenteibanez.cl\/web\/wp-json\/wp\/v2\/categories?post=33096"},{"taxonomy":"post_tag","embeddable":true,"href":"https:\/\/www.radiopresidenteibanez.cl\/web\/wp-json\/wp\/v2\/tags?post=33096"}],"curies":[{"name":"wp","href":"https:\/\/api.w.org\/{rel}","templated":true}]}}