{"id":33087,"date":"2022-09-30T11:31:00","date_gmt":"2022-09-30T14:31:00","guid":{"rendered":"https:\/\/www.radiopresidenteibanez.cl\/web\/?p=33087"},"modified":"2022-09-30T09:58:06","modified_gmt":"2022-09-30T12:58:06","slug":"seremi-de-vivienda-y-urbanismo-marco-uribe-expuso-al-core-segundo-analisis-del-plan-de-emergencia-habitacional","status":"publish","type":"post","link":"https:\/\/www.radiopresidenteibanez.cl\/web\/seremi-de-vivienda-y-urbanismo-marco-uribe-expuso-al-core-segundo-analisis-del-plan-de-emergencia-habitacional\/","title":{"rendered":"Seremi de Vivienda y Urbanismo Marco Uribe expuso al CORE segundo an\u00e1lisis del Plan de Emergencia Habitacional"},"content":{"rendered":"\n<p>Como parte de la puesta en marcha del Plan de Emergencia Habitacional (PEH) y el convenio de programaci\u00f3n MINVU-GORE, el Seremi de Vivienda y Urbanismo, Marco Uribe Saldivia, expuso ante el Consejo Regional la planificaci\u00f3n que tendr\u00e1 el Gobierno del Presidente Gabriel Boric para alcanzar la entrega de 3.500 nuevas viviendas en Magallanes.<\/p>\n\n\n\n<p><strong>\u201cDesde que fue informada la meta para nuestra regi\u00f3n, hemos reiterado que la misma no es restrictiva: muy por el contrario, el Plan de Emergencia Habitacional impulsado por el Gobierno del Presidente Boric nos insta a usar los programas existentes y nuevas l\u00edneas de acci\u00f3n para diversificar las opciones de acceso a la vivienda propia; generando alternativas para familias de sectores vulnerables y tambi\u00e9n de sectores medios, que se encuentran allegadas y en situaci\u00f3n hacinamiento\u201d, precis\u00f3 el Seremi Marco Uribe.<\/strong><\/p>\n\n\n\n<p>A su vez, la&nbsp;<strong>Directora Regional del Serviu, Mar\u00eda Luz Gajardo Salazar,<\/strong>&nbsp;destac\u00f3&nbsp;<strong>el trabajo conjunto que se est\u00e1 realizando con el Gobierno Regional, que permite entregar viviendas de alto est\u00e1ndar, aptas para el resguardo en una zona de clima extremo.&nbsp;<\/strong>La titular agreg\u00f3 que&nbsp;<strong>gracias al convenio y el Plan de Emergencia Habitacional, se podr\u00e1 incrementar el banco de suelo p\u00fablico, aportando a la planificaci\u00f3n territorial integrada.<\/strong><\/p>\n\n\n\n<p>Al t\u00e9rmino del encuentro, el c<strong>onsejero Miguel Sierpe<\/strong>&nbsp;expres\u00f3:&nbsp;<strong>\u201cHemos asistido a la mejor presentaci\u00f3n del Ministerio de Vivienda y el Serviu. Hemos podido conversar de una forma muy franca respecto de cu\u00e1les son las expectativas que tenemos los magall\u00e1nicos y a que podamos revisar la mirada inicial que hay respecto del Plan de Emergencia: sumado al convenio de programaci\u00f3n de Vivienda del Gobierno Regional\u201d.<\/strong><\/p>\n\n\n\n<p>El vicepresidente de la Comisi\u00f3n de Infraestructura, Patrimonio y Desarrollo Territorial del Consejo Regional concluy\u00f3 que&nbsp;<strong>\u201chemos encontrado una respuesta adecuada. Ha sido un aporte y esperamos que en los pr\u00f3ximos meses se vean los frutos del trabajo coordinado\u201d<\/strong>.<\/p>\n","protected":false},"excerpt":{"rendered":"<p>Como parte de la puesta en marcha del Plan de Emergencia Habitacional (PEH) y el convenio de programaci\u00f3n MINVU-GORE, el Seremi de Vivienda y Urbanismo, Marco Uribe Saldivia, expuso ante&#8230; <a class=\"read-more\" href=\"https:\/\/www.radiopresidenteibanez.cl\/web\/seremi-de-vivienda-y-urbanismo-marco-uribe-expuso-al-core-segundo-analisis-del-plan-de-emergencia-habitacional\/\">Leer m\u00e1s<\/a><\/p>\n","protected":false},"author":2,"featured_media":33088,"comment_status":"closed","ping_status":"closed","sticky":false,"template":"","format":"standard","meta":{"footnotes":""},"categories":[1],"tags":[],"class_list":["post-33087","post","type-post","status-publish","format-standard","has-post-thumbnail","hentry","category-cronica"],"_links":{"self":[{"href":"https:\/\/www.radiopresidenteibanez.cl\/web\/wp-json\/wp\/v2\/posts\/33087","targetHints":{"allow":["GET"]}}],"collection":[{"href":"https:\/\/www.radiopresidenteibanez.cl\/web\/wp-json\/wp\/v2\/posts"}],"about":[{"href":"https:\/\/www.radiopresidenteibanez.cl\/web\/wp-json\/wp\/v2\/types\/post"}],"author":[{"embeddable":true,"href":"https:\/\/www.radiopresidenteibanez.cl\/web\/wp-json\/wp\/v2\/users\/2"}],"replies":[{"embeddable":true,"href":"https:\/\/www.radiopresidenteibanez.cl\/web\/wp-json\/wp\/v2\/comments?post=33087"}],"version-history":[{"count":0,"href":"https:\/\/www.radiopresidenteibanez.cl\/web\/wp-json\/wp\/v2\/posts\/33087\/revisions"}],"wp:featuredmedia":[{"embeddable":true,"href":"https:\/\/www.radiopresidenteibanez.cl\/web\/wp-json\/wp\/v2\/media\/33088"}],"wp:attachment":[{"href":"https:\/\/www.radiopresidenteibanez.cl\/web\/wp-json\/wp\/v2\/media?parent=33087"}],"wp:term":[{"taxonomy":"category","embeddable":true,"href":"https:\/\/www.radiopresidenteibanez.cl\/web\/wp-json\/wp\/v2\/categories?post=33087"},{"taxonomy":"post_tag","embeddable":true,"href":"https:\/\/www.radiopresidenteibanez.cl\/web\/wp-json\/wp\/v2\/tags?post=33087"}],"curies":[{"name":"wp","href":"https:\/\/api.w.org\/{rel}","templated":true}]}}