{"id":3308,"date":"2019-04-12T15:33:46","date_gmt":"2019-04-12T15:33:46","guid":{"rendered":"http:\/\/www.radiopresidenteibanez.cl\/web\/?p=3308"},"modified":"2019-04-12T15:34:05","modified_gmt":"2019-04-12T15:34:05","slug":"el-proximo-18-de-abril-se-realizara-las-elecciones-del-centro-de-estudiantes-en-el-liceo-industrial","status":"publish","type":"post","link":"https:\/\/www.radiopresidenteibanez.cl\/web\/el-proximo-18-de-abril-se-realizara-las-elecciones-del-centro-de-estudiantes-en-el-liceo-industrial\/","title":{"rendered":"EL PR\u00d3XIMO 18 DE ABRIL SE REALIZAR\u00c1 LAS ELECCIONES DEL CENTRO DE ESTUDIANTES EN EL LICEO INDUSTRIAL"},"content":{"rendered":"\n<p>Como cada a\u00f1o nuestros alumnos participan en la elecci\u00f3n de su centro de estudiantes. Este acto democr\u00e1tico se llevar\u00e1 a cabo el d\u00eda 18 de abril, donde los estudiantes de primero a cuarto medio votar\u00e1n por sus compa\u00f1eros.<\/p>\n\n\n\n<p>Y quienes velaran por el cumplimiento de \u00e9stas y el correcto escrutinio de los votos, son el tribunal calificador electoral (tricel) y quienes forman parte de este grupo son Tamara Soto del 3\u00b0C, Fernanda C\u00e1rdenas del 1\u00b0C, Sebasti\u00e1n Candelo del 4\u00b0B y Javiera Colin del 2\u00b0C.<\/p>\n\n\n\n<p>Felicitamos de ante mano a los alumnos quienes componen la lista que se presentan al Centro de Estudiantes 2019. Ellos son;<\/p>\n\n\n\n<ul class=\"wp-block-list\"><li>Amira Mu\u00f1oz &nbsp;4\u00b0C&nbsp;<strong>Presidenta<\/strong><\/li><li>Gabriel Carrasco 4\u00b0C<strong>&nbsp;Vicepresidente<\/strong><\/li><li>Claudia Catal\u00e1n 3\u00b0C&nbsp;<strong>Secretaria<\/strong><\/li><li>Cristopher Barrientos 4\u00b0C&nbsp;<strong>Tesorero<\/strong><\/li><li>Sebasti\u00e1n Rapallo 2\u00b0A&nbsp;<strong>Encargado de Deportes y Cultura<\/strong><\/li><li>Milenko Santana 3\u00b0C&nbsp;<strong>Relacionador P\u00fablico<\/strong><\/li><\/ul>\n\n\n\n<figure class=\"wp-block-image\"><img loading=\"lazy\" decoding=\"async\" width=\"1024\" height=\"768\" src=\"https:\/\/www.radiopresidenteibanez.cl\/web\/wp-content\/uploads\/2019\/04\/IMG-1255-1024x768-1024x768.jpg\" alt=\"\" class=\"wp-image-3309\" srcset=\"https:\/\/www.radiopresidenteibanez.cl\/web\/wp-content\/uploads\/2019\/04\/IMG-1255-1024x768.jpg 1024w, https:\/\/www.radiopresidenteibanez.cl\/web\/wp-content\/uploads\/2019\/04\/IMG-1255-1024x768-300x225.jpg 300w, https:\/\/www.radiopresidenteibanez.cl\/web\/wp-content\/uploads\/2019\/04\/IMG-1255-1024x768-768x576.jpg 768w\" sizes=\"auto, (max-width: 1024px) 100vw, 1024px\" \/><\/figure>\n","protected":false},"excerpt":{"rendered":"<p>Como cada a\u00f1o nuestros alumnos participan en la elecci\u00f3n de su centro de estudiantes. Este acto democr\u00e1tico se llevar\u00e1 a cabo el d\u00eda 18 de abril, donde los estudiantes de&#8230; <a class=\"read-more\" href=\"https:\/\/www.radiopresidenteibanez.cl\/web\/el-proximo-18-de-abril-se-realizara-las-elecciones-del-centro-de-estudiantes-en-el-liceo-industrial\/\">Leer m\u00e1s<\/a><\/p>\n","protected":false},"author":2,"featured_media":3309,"comment_status":"closed","ping_status":"closed","sticky":false,"template":"","format":"standard","meta":{"footnotes":""},"categories":[1],"tags":[],"class_list":["post-3308","post","type-post","status-publish","format-standard","has-post-thumbnail","hentry","category-cronica"],"_links":{"self":[{"href":"https:\/\/www.radiopresidenteibanez.cl\/web\/wp-json\/wp\/v2\/posts\/3308","targetHints":{"allow":["GET"]}}],"collection":[{"href":"https:\/\/www.radiopresidenteibanez.cl\/web\/wp-json\/wp\/v2\/posts"}],"about":[{"href":"https:\/\/www.radiopresidenteibanez.cl\/web\/wp-json\/wp\/v2\/types\/post"}],"author":[{"embeddable":true,"href":"https:\/\/www.radiopresidenteibanez.cl\/web\/wp-json\/wp\/v2\/users\/2"}],"replies":[{"embeddable":true,"href":"https:\/\/www.radiopresidenteibanez.cl\/web\/wp-json\/wp\/v2\/comments?post=3308"}],"version-history":[{"count":0,"href":"https:\/\/www.radiopresidenteibanez.cl\/web\/wp-json\/wp\/v2\/posts\/3308\/revisions"}],"wp:featuredmedia":[{"embeddable":true,"href":"https:\/\/www.radiopresidenteibanez.cl\/web\/wp-json\/wp\/v2\/media\/3309"}],"wp:attachment":[{"href":"https:\/\/www.radiopresidenteibanez.cl\/web\/wp-json\/wp\/v2\/media?parent=3308"}],"wp:term":[{"taxonomy":"category","embeddable":true,"href":"https:\/\/www.radiopresidenteibanez.cl\/web\/wp-json\/wp\/v2\/categories?post=3308"},{"taxonomy":"post_tag","embeddable":true,"href":"https:\/\/www.radiopresidenteibanez.cl\/web\/wp-json\/wp\/v2\/tags?post=3308"}],"curies":[{"name":"wp","href":"https:\/\/api.w.org\/{rel}","templated":true}]}}