{"id":33057,"date":"2022-09-29T10:23:00","date_gmt":"2022-09-29T13:23:00","guid":{"rendered":"https:\/\/www.radiopresidenteibanez.cl\/web\/?p=33057"},"modified":"2022-09-29T09:53:02","modified_gmt":"2022-09-29T12:53:02","slug":"fundacion-municipal-de-deportes-anuncio-venta-de-entradas-para-super-copa-mundo-de-la-liga-nacional-de-basquetbol","status":"publish","type":"post","link":"https:\/\/www.radiopresidenteibanez.cl\/web\/fundacion-municipal-de-deportes-anuncio-venta-de-entradas-para-super-copa-mundo-de-la-liga-nacional-de-basquetbol\/","title":{"rendered":"Fundaci\u00f3n Municipal de Deportes anunci\u00f3 venta de entradas para S\u00faper Copa Mundo de la Liga Nacional de B\u00e1squetbol"},"content":{"rendered":"\n<p>Desde este mi\u00e9rcoles (28 de septiembre), se encuentran disponibles a la venta las entradas para asistir a la S\u00faper Copa Mundo \u201cBy Cecinas Llanquihue\u201d de la Liga Nacional de B\u00e1squetbol, torneo profesional que se realizar\u00e1 en Punta Arenas el 8 y 9 de octubre.<br>As\u00ed se inform\u00f3 desde la Fundaci\u00f3n Municipal de Deportes, que organiza el evento junto al Municipio de Punta Arenas y la Liga Nacional de B\u00e1squetbol.<br>La programaci\u00f3n del evento es la siguiente:<br>S\u00e1bado 08 de Octubre:<br>18:00: Puerto Varas (Campe\u00f3n Copa Chile) VS Leones de Quilpu\u00e9 (Sub campe\u00f3n Liga Nacional)<br>21:00: Espa\u00f1ol Osorno (Campe\u00f3n de la Liga 2) VS U. de Concepci\u00f3n (Campe\u00f3n de Liga Nacional)<br>Domingo 09 de Octubre:<br>\u00a018:00: 3er lugar. &#8211; Perdedores de la 1era jornada.<br>\u00a021:00: Final Supercopa.<br>Seg\u00fan se indic\u00f3, los boletos se pueden adquirir a trav\u00e9s de Ticketplus.cl y los valores fluct\u00faan entre $6 mil (Sector Poniente, gradas de madera) hasta $15 mil (Sector Oriente). Adem\u00e1s, los interesados podr\u00e1n adquirir las entradas de manera presencial desde este jueves (29 de septiembre), en dependencias del cine Sala Estrella.<\/p>\n","protected":false},"excerpt":{"rendered":"<p>Desde este mi\u00e9rcoles (28 de septiembre), se encuentran disponibles a la venta las entradas para asistir a la S\u00faper Copa Mundo \u201cBy Cecinas Llanquihue\u201d de la Liga Nacional de B\u00e1squetbol,&#8230; <a class=\"read-more\" href=\"https:\/\/www.radiopresidenteibanez.cl\/web\/fundacion-municipal-de-deportes-anuncio-venta-de-entradas-para-super-copa-mundo-de-la-liga-nacional-de-basquetbol\/\">Leer m\u00e1s<\/a><\/p>\n","protected":false},"author":2,"featured_media":33058,"comment_status":"closed","ping_status":"closed","sticky":false,"template":"","format":"standard","meta":{"footnotes":""},"categories":[1],"tags":[],"class_list":["post-33057","post","type-post","status-publish","format-standard","has-post-thumbnail","hentry","category-cronica"],"_links":{"self":[{"href":"https:\/\/www.radiopresidenteibanez.cl\/web\/wp-json\/wp\/v2\/posts\/33057","targetHints":{"allow":["GET"]}}],"collection":[{"href":"https:\/\/www.radiopresidenteibanez.cl\/web\/wp-json\/wp\/v2\/posts"}],"about":[{"href":"https:\/\/www.radiopresidenteibanez.cl\/web\/wp-json\/wp\/v2\/types\/post"}],"author":[{"embeddable":true,"href":"https:\/\/www.radiopresidenteibanez.cl\/web\/wp-json\/wp\/v2\/users\/2"}],"replies":[{"embeddable":true,"href":"https:\/\/www.radiopresidenteibanez.cl\/web\/wp-json\/wp\/v2\/comments?post=33057"}],"version-history":[{"count":0,"href":"https:\/\/www.radiopresidenteibanez.cl\/web\/wp-json\/wp\/v2\/posts\/33057\/revisions"}],"wp:featuredmedia":[{"embeddable":true,"href":"https:\/\/www.radiopresidenteibanez.cl\/web\/wp-json\/wp\/v2\/media\/33058"}],"wp:attachment":[{"href":"https:\/\/www.radiopresidenteibanez.cl\/web\/wp-json\/wp\/v2\/media?parent=33057"}],"wp:term":[{"taxonomy":"category","embeddable":true,"href":"https:\/\/www.radiopresidenteibanez.cl\/web\/wp-json\/wp\/v2\/categories?post=33057"},{"taxonomy":"post_tag","embeddable":true,"href":"https:\/\/www.radiopresidenteibanez.cl\/web\/wp-json\/wp\/v2\/tags?post=33057"}],"curies":[{"name":"wp","href":"https:\/\/api.w.org\/{rel}","templated":true}]}}