{"id":3305,"date":"2019-04-12T15:09:49","date_gmt":"2019-04-12T15:09:49","guid":{"rendered":"http:\/\/www.radiopresidenteibanez.cl\/web\/?p=3305"},"modified":"2019-04-12T15:10:22","modified_gmt":"2019-04-12T15:10:22","slug":"sence-establece-la-primera-red-territorial-de-intermediacion-laboral-en-magallanes","status":"publish","type":"post","link":"https:\/\/www.radiopresidenteibanez.cl\/web\/sence-establece-la-primera-red-territorial-de-intermediacion-laboral-en-magallanes\/","title":{"rendered":"SENCE ESTABLECE LA PRIMERA RED TERRITORIAL DE INTERMEDIACI\u00d3N LABORAL EN MAGALLANES"},"content":{"rendered":"\n<p>El Servicio Nacional de Capacitaci\u00f3n y Empleo (Sence)\nMagallanes, constituy\u00f3 la primera Red Territorial de Intermediaci\u00f3n Laboral de\nla regi\u00f3n de Magallanes, cuyo objetivo es asegurar una comunicaci\u00f3n fluida\nentre los encargados de conectar la b\u00fasqueda de empleo con la oferta de trabajo\nen toda la regi\u00f3n.<\/p>\n\n\n\n<p>Asimismo, se busca promover la prestaci\u00f3n de servicios de\ncalidad y estandarizados para los usuarios de cada una de las Oficinas\nMunicipales de Intermediaci\u00f3n Laboral (Omil) presentes en el territorio local.\nEn la regi\u00f3n, existen actualmente cinco Omil establecidas en las comunas de\nPunta Arenas, Puerto Natales, Porvenir, Laguna Blanca y Puerto Williams, con\nlas cuales se realiza esta alianza.<\/p>\n\n\n\n<p>Al respecto, la Seremi del Trabajo, Victoria Cort\u00e9s\nSchiattino, explic\u00f3 que \u201clo que se pretende, a trav\u00e9s de esta Red, es que si,\npor ejemplo, un usuario de la comuna de Porvenir quiere encontrar un empleo en\nPunta Arenas, pueda conocer de antemano qu\u00e9 vacantes de empleo existen en Punta\nArenas, consultando en la Omil de Porvenir, estableciendo las coordinaciones\nnecesarias para que el usuario que requiere empleo en una comuna diferente a la\nque se encuentra, pueda hacerlo desde su lugar de origen\u201d.<\/p>\n\n\n\n<p>\u201cRecordemos que estas cinco oficinas de intermediaci\u00f3n\nlaboral reciben asesor\u00eda t\u00e9cnica y financiamiento de Sence en forma anual, por\nlo que a trav\u00e9s de este encadenamiento que hace nuestro servicio, se busca\nevitar traslados y costos innecesarios a quienes buscan trabajo en una ciudad\ndiferente a la suya. La idea es que las Omil trabajen en l\u00ednea y coordinaci\u00f3n\ncon sus pares de otras comunas para facilitar la b\u00fasqueda de empleo\u201d, agreg\u00f3 la\nautoridad laboral.<\/p>\n\n\n\n<p>Sobre la tarea impuesta, Cort\u00e9s manifest\u00f3 que uno de los\nprincipales compromisos del gobierno del Presidente Sebasti\u00e1n Pi\u00f1era es la\ncreaci\u00f3n de empleos de calidad, se\u00f1alando que uno de los ejemplos concretos que\nse puede apreciar en la regi\u00f3n, es la cantidad de vacantes que se generan a\ntrav\u00e9s de las gestiones que realizan estas oficinas en sus respectivas comunas,\nlo cual \u201cpermite fortalecer la red de trabajo entre el mundo p\u00fablico y el mundo\nprivado para ir en directo beneficio de las personas\u201d.<\/p>\n\n\n\n<p>Sobre esto, la directora regional (s) de Sence, Maribel\nM\u00e1rquez, se\u00f1al\u00f3 que \u201cel objetivo de las Omil es promover el desarrollo de un\nsistema de intermediaci\u00f3n colaborativo a trav\u00e9s de una oferta coordinada de los\nservicios, acorde a lo que son las trayectorias laborales de las personas en\ncada comuna y atendiendo a los desaf\u00edos productivos de las empresas, seg\u00fan las\nnecesidades que de desarrollo local, por eso es tan importante esta red que\narma Sence en la regi\u00f3n\u201d.<\/p>\n\n\n\n<p>Explicaron que para la realizaci\u00f3n de esta Red, se ejecutaron diferentes instancias de reuni\u00f3n con los distintos encargados de las oficinas, tras lo cual se determin\u00f3 la forma de coordinaci\u00f3n entre todas para el intercambio de informaci\u00f3n cuando sea requerida por un usuario en alguna de las cinco comunas mencionadas, esperando que esta Red contribuya en forma efectiva a mejorar la empleabilidad de la regi\u00f3n y, sobre todo, de incorporaci\u00f3n laboral de los segmentos con mayor dificultad de acceso.<\/p>\n\n\n\n<figure class=\"wp-block-image\"><img loading=\"lazy\" decoding=\"async\" width=\"900\" height=\"505\" src=\"https:\/\/www.radiopresidenteibanez.cl\/web\/wp-content\/uploads\/2019\/04\/IMG_025.jpg\" alt=\"\" class=\"wp-image-3306\" srcset=\"https:\/\/www.radiopresidenteibanez.cl\/web\/wp-content\/uploads\/2019\/04\/IMG_025.jpg 900w, https:\/\/www.radiopresidenteibanez.cl\/web\/wp-content\/uploads\/2019\/04\/IMG_025-300x168.jpg 300w, https:\/\/www.radiopresidenteibanez.cl\/web\/wp-content\/uploads\/2019\/04\/IMG_025-768x431.jpg 768w\" sizes=\"auto, (max-width: 900px) 100vw, 900px\" \/><\/figure>\n","protected":false},"excerpt":{"rendered":"<p>El Servicio Nacional de Capacitaci\u00f3n y Empleo (Sence) Magallanes, constituy\u00f3 la primera Red Territorial de Intermediaci\u00f3n Laboral de la regi\u00f3n de Magallanes, cuyo objetivo es asegurar una comunicaci\u00f3n fluida entre&#8230; <a class=\"read-more\" href=\"https:\/\/www.radiopresidenteibanez.cl\/web\/sence-establece-la-primera-red-territorial-de-intermediacion-laboral-en-magallanes\/\">Leer m\u00e1s<\/a><\/p>\n","protected":false},"author":2,"featured_media":3306,"comment_status":"closed","ping_status":"closed","sticky":false,"template":"","format":"standard","meta":{"footnotes":""},"categories":[1],"tags":[],"class_list":["post-3305","post","type-post","status-publish","format-standard","has-post-thumbnail","hentry","category-cronica"],"_links":{"self":[{"href":"https:\/\/www.radiopresidenteibanez.cl\/web\/wp-json\/wp\/v2\/posts\/3305","targetHints":{"allow":["GET"]}}],"collection":[{"href":"https:\/\/www.radiopresidenteibanez.cl\/web\/wp-json\/wp\/v2\/posts"}],"about":[{"href":"https:\/\/www.radiopresidenteibanez.cl\/web\/wp-json\/wp\/v2\/types\/post"}],"author":[{"embeddable":true,"href":"https:\/\/www.radiopresidenteibanez.cl\/web\/wp-json\/wp\/v2\/users\/2"}],"replies":[{"embeddable":true,"href":"https:\/\/www.radiopresidenteibanez.cl\/web\/wp-json\/wp\/v2\/comments?post=3305"}],"version-history":[{"count":0,"href":"https:\/\/www.radiopresidenteibanez.cl\/web\/wp-json\/wp\/v2\/posts\/3305\/revisions"}],"wp:featuredmedia":[{"embeddable":true,"href":"https:\/\/www.radiopresidenteibanez.cl\/web\/wp-json\/wp\/v2\/media\/3306"}],"wp:attachment":[{"href":"https:\/\/www.radiopresidenteibanez.cl\/web\/wp-json\/wp\/v2\/media?parent=3305"}],"wp:term":[{"taxonomy":"category","embeddable":true,"href":"https:\/\/www.radiopresidenteibanez.cl\/web\/wp-json\/wp\/v2\/categories?post=3305"},{"taxonomy":"post_tag","embeddable":true,"href":"https:\/\/www.radiopresidenteibanez.cl\/web\/wp-json\/wp\/v2\/tags?post=3305"}],"curies":[{"name":"wp","href":"https:\/\/api.w.org\/{rel}","templated":true}]}}