{"id":33045,"date":"2022-09-28T18:58:00","date_gmt":"2022-09-28T21:58:00","guid":{"rendered":"https:\/\/www.radiopresidenteibanez.cl\/web\/?p=33045"},"modified":"2022-09-28T15:30:14","modified_gmt":"2022-09-28T18:30:14","slug":"la-fotografia-como-patrimonio-e-identidad-sera-tema-de-conversatorio-en-la-umag","status":"publish","type":"post","link":"https:\/\/www.radiopresidenteibanez.cl\/web\/la-fotografia-como-patrimonio-e-identidad-sera-tema-de-conversatorio-en-la-umag\/","title":{"rendered":"La Fotograf\u00eda como patrimonio e identidad ser\u00e1 tema de conversatorio en la UMAG"},"content":{"rendered":"\n<p>Este viernes 29 de septiembre, a partir de las 19.30 horas en el Auditorio Ernesto Livacic de la Universidad de Magallanes (UMAG) se realizar\u00e1 un conversatorio con la participaci\u00f3n de los fot\u00f3grafos Alex Garc\u00eda Ruiz y Rodrigo \u201cGeno\u201d Mu\u00f1oz Carre\u00f1o. All\u00ed se tratar\u00e1 sobre la Fotograf\u00eda como expresi\u00f3n est\u00e9tica, de identidad y patrimonial, que refleja los ambientes y cambios culturales en la zona sur-austral de Chile.<\/p>\n\n\n\n<p>Este encuentro, del que ya se realiz\u00f3 una primera parte el lunes pasado en el Centro Cultural de Punta Arenas \u201cClaudio Paredes Chamorro\u201d, surge de la exposici\u00f3n \u201cFotograf\u00edas al Pasar\u201d, un proyecto financiado por la Fundaci\u00f3n Cultural de Punta Arenas y desarrollado por Alex Garc\u00eda Ruiz. Esta exposici\u00f3n presenta y analiza el Retrato Urbano Callejero o Street Portrait; un tipo de fotograf\u00eda caracterizada por documentar momentos claves de la condici\u00f3n humana en ambientes p\u00fablicos, que busca captar la esencia y la personalidad de lo cotidiano, entendiendo su contexto social e hist\u00f3rico, y capturando los paisajes urbanos, las personas y los objetos.<\/p>\n\n\n\n<p>De esta forma, la muestra exhibe un cuerpo de fotograf\u00edas, en su mayor\u00eda in\u00e9ditas, que nace de la revisi\u00f3n del archivo fotogr\u00e1fico del autor entre los a\u00f1os 2002 y 2022.&nbsp; La exposici\u00f3n estar\u00e1 abierta al p\u00fablico de forma gratuita desde el 26 al 30 de septiembre en el Centro Cultural \u201cClaudio Paredes Chamorro\u201d (Av. 21 de mayo 2202).<\/p>\n\n\n\n<p>Alex Garcia Ruiz (Ancud, 1981) es artista visual y licenciado en Educaci\u00f3n con menci\u00f3n en Historia y Geograf\u00eda. El 2006 edita su primer libro \u201cOvejer\u00eda de Hierro\u201d donde retrata el Sector Ferroviario de Osorno y su antigua zona industrial, utilizando fotograf\u00edas de \u00e9poca junto con material propio. En 2008 publica \u201cLa Memoria Sostenida\u201d, proyecto Fondart que difunde parte del archivo fotogr\u00e1fico de la fundaci\u00f3n \u201cEl Pilar\u201d y recorre a trav\u00e9s de sus im\u00e1genes la historia de la Congregaci\u00f3n Ursulina en la Isla de Chilo\u00e9.<\/p>\n\n\n\n<p>El 2009, con el apoyo de la Corporaci\u00f3n Cultural de Valdivia, publica \u00abCiudad Imaginada\u00bb, recorrido fotogr\u00e1fico por la identidad arquitect\u00f3nica y cultural de la ciudad de Valdivia, trabajando en colaboraci\u00f3n con el novelista y micro-cuentista Pedro Guillermo Jara y la editorial \u201cBauda\u201d. Su \u00faltima publicaci\u00f3n es \u201cMerluceros: Memorias visuales en canales y fiordos subant\u00e1rticos\u201d (2021), trabajo realizado junto al investigador y docente de la UMAG, Jaime Ojeda Villarroel y financiado por la Fundaci\u00f3n Cultural de Punta Arenas, que tiene como tem\u00e1tica la vida de los pescadores de la merluza austral en Magallanes.<\/p>\n\n\n\n<p>El conversatorio ser\u00e1 conducido por el periodista Rafael Cheuquelaf Bradasic y contar\u00e1 como invitado especial con el fot\u00f3grafo Rodrigo \u201cGeno\u201d Mu\u00f1oz Carre\u00f1o (Premio a la Trayectoria 2021 de la Regi\u00f3n de los Lagos), quien presentar\u00e1 su \u00faltima publicaci\u00f3n \u201cContra el Olvido\u201d, libro que transita por 40 a\u00f1os de su oficio retratando el Chilo\u00e9 profundo y los cambios que ha experimentado la sociedad isle\u00f1a. La invitaci\u00f3n para asistir a este evento es abierta a toda la comunidad magall\u00e1nica.<\/p>\n","protected":false},"excerpt":{"rendered":"<p>Este viernes 29 de septiembre, a partir de las 19.30 horas en el Auditorio Ernesto Livacic de la Universidad de Magallanes (UMAG) se realizar\u00e1 un conversatorio con la participaci\u00f3n de&#8230; <a class=\"read-more\" href=\"https:\/\/www.radiopresidenteibanez.cl\/web\/la-fotografia-como-patrimonio-e-identidad-sera-tema-de-conversatorio-en-la-umag\/\">Leer m\u00e1s<\/a><\/p>\n","protected":false},"author":2,"featured_media":33046,"comment_status":"closed","ping_status":"closed","sticky":false,"template":"","format":"standard","meta":{"footnotes":""},"categories":[1],"tags":[],"class_list":["post-33045","post","type-post","status-publish","format-standard","has-post-thumbnail","hentry","category-cronica"],"_links":{"self":[{"href":"https:\/\/www.radiopresidenteibanez.cl\/web\/wp-json\/wp\/v2\/posts\/33045","targetHints":{"allow":["GET"]}}],"collection":[{"href":"https:\/\/www.radiopresidenteibanez.cl\/web\/wp-json\/wp\/v2\/posts"}],"about":[{"href":"https:\/\/www.radiopresidenteibanez.cl\/web\/wp-json\/wp\/v2\/types\/post"}],"author":[{"embeddable":true,"href":"https:\/\/www.radiopresidenteibanez.cl\/web\/wp-json\/wp\/v2\/users\/2"}],"replies":[{"embeddable":true,"href":"https:\/\/www.radiopresidenteibanez.cl\/web\/wp-json\/wp\/v2\/comments?post=33045"}],"version-history":[{"count":0,"href":"https:\/\/www.radiopresidenteibanez.cl\/web\/wp-json\/wp\/v2\/posts\/33045\/revisions"}],"wp:featuredmedia":[{"embeddable":true,"href":"https:\/\/www.radiopresidenteibanez.cl\/web\/wp-json\/wp\/v2\/media\/33046"}],"wp:attachment":[{"href":"https:\/\/www.radiopresidenteibanez.cl\/web\/wp-json\/wp\/v2\/media?parent=33045"}],"wp:term":[{"taxonomy":"category","embeddable":true,"href":"https:\/\/www.radiopresidenteibanez.cl\/web\/wp-json\/wp\/v2\/categories?post=33045"},{"taxonomy":"post_tag","embeddable":true,"href":"https:\/\/www.radiopresidenteibanez.cl\/web\/wp-json\/wp\/v2\/tags?post=33045"}],"curies":[{"name":"wp","href":"https:\/\/api.w.org\/{rel}","templated":true}]}}