{"id":33042,"date":"2022-09-28T17:37:00","date_gmt":"2022-09-28T20:37:00","guid":{"rendered":"https:\/\/www.radiopresidenteibanez.cl\/web\/?p=33042"},"modified":"2022-09-28T15:23:15","modified_gmt":"2022-09-28T18:23:15","slug":"hasta-san-gregorio-se-traslado-el-gobierno-en-terreno","status":"publish","type":"post","link":"https:\/\/www.radiopresidenteibanez.cl\/web\/hasta-san-gregorio-se-traslado-el-gobierno-en-terreno\/","title":{"rendered":"Hasta San Gregorio se traslad\u00f3 el Gobierno en Terreno"},"content":{"rendered":"\n<p>Vecinos de San Gregorio y Villa Punta Delgada, fueron los beneficiarios de un nuevo Gobierno en Terreno (GET), que en la oportunidad recogi\u00f3 las necesidades de los habitantes de estas comunidades, quienes solicitaron la presencia de servicios p\u00fablicos que les permitieran resolver sus inquietudes, realizar tr\u00e1mites e informarse sobre la cartera de beneficios existentes. De esa forma se hicieron presente funcionarios y funcionarias de la Corporaci\u00f3n de Asistencia Judicial; SernaMeG; Registro Civil e Identificaci\u00f3n; Serviu; Seremi de Desarrollo Social y Familia; Sercotec; IPS; Conadi; Conaf; Fonasa; Oficina de Insolvencia y Reemprendimiento y medicina ancestral Mapuche.<\/p>\n\n\n\n<p>La Delegada Presidencial Regional (s), Karim Fierro Brztillo, explic\u00f3 la importancia de llegar al territorio, como un sin\u00f3nimo de \u201cdignificar el trato hacia las personas, construir una relaci\u00f3n que les entregue la confianza de hacernos llegar sus necesidades, y nosotros, como gobierno, trabajar con compromiso para resolverlas. El Gobierno en Terreno es una herramienta que nos ayuda a materializar el programa del Presidente Gabriel Boric, y sus medidas en apoyo a la gente, tanto en el corto, como mediano y largo plazo, adem\u00e1s que nos permite reforzar la descentralizaci\u00f3n en todos los sentidos, fortaleciendo, a la vez,&nbsp; la democratizaci\u00f3n de los servicios al llegar a todos los rincones de nuestro pa\u00eds.<\/p>\n\n\n\n<p>Hugo Manzano, alcalde (S) de la Ilustre Municipalidad de San Gregorio y director de Secplan, enfatiz\u00f3 en \u201cagradecer a la Delegaci\u00f3n Presidencial y as\u00ed tambi\u00e9n a todos los otros servicios que se han apersonado en esta comuna tan lejana y retirada de Punta Arenas. Es una muy buena actividad de convivencia y para que la gente pueda subsanar dudas, ya sea Fonasa, Serviu u otros de los servicios que hoy d\u00eda nos acompa\u00f1an. Sirve como actividad de esparcimiento tambi\u00e9n dentro de nuestro territorio, as\u00ed que muy contento por eso y agradecido de la instancia que se crea hoy d\u00eda y ojal\u00e1 que dentro de los pr\u00f3ximos meses se vuelva a crear una actividad similar\u201d.<\/p>\n\n\n\n<p>Marlene V\u00e1squez, pobladora de la villa Punta Delgada, resalt\u00f3 la actividad y la calific\u00f3 de: \u201cmuy interesante que venga el Gobierno a terreno, porque uno puede hacer los tr\u00e1mites ac\u00e1, ya que generalmente tenemos que viajar 170 kil\u00f3metros para realizarlos en Punta Arenas, as\u00ed que un agradecimiento por el servicio prestado en la Villa\u201d.<\/p>\n\n\n\n<p>Dentro de la oferta program\u00e1tica que present\u00f3 cada servicio, se encuentra Conaf, quienes asistieron con su programa de reforestaci\u00f3n, donde entregaron ejemplares de \u00e1rboles end\u00e9micos de la regi\u00f3n, pero en esta oportunidad sumaron el aclarar dudas respecto a las contrataciones que realizar\u00e1 la Corporaci\u00f3n Nacional Forestal, para la temporada estival 2022-2023.<\/p>\n","protected":false},"excerpt":{"rendered":"<p>Vecinos de San Gregorio y Villa Punta Delgada, fueron los beneficiarios de un nuevo Gobierno en Terreno (GET), que en la oportunidad recogi\u00f3 las necesidades de los habitantes de estas&#8230; <a class=\"read-more\" href=\"https:\/\/www.radiopresidenteibanez.cl\/web\/hasta-san-gregorio-se-traslado-el-gobierno-en-terreno\/\">Leer m\u00e1s<\/a><\/p>\n","protected":false},"author":2,"featured_media":33043,"comment_status":"closed","ping_status":"closed","sticky":false,"template":"","format":"standard","meta":{"footnotes":""},"categories":[1],"tags":[],"class_list":["post-33042","post","type-post","status-publish","format-standard","has-post-thumbnail","hentry","category-cronica"],"_links":{"self":[{"href":"https:\/\/www.radiopresidenteibanez.cl\/web\/wp-json\/wp\/v2\/posts\/33042","targetHints":{"allow":["GET"]}}],"collection":[{"href":"https:\/\/www.radiopresidenteibanez.cl\/web\/wp-json\/wp\/v2\/posts"}],"about":[{"href":"https:\/\/www.radiopresidenteibanez.cl\/web\/wp-json\/wp\/v2\/types\/post"}],"author":[{"embeddable":true,"href":"https:\/\/www.radiopresidenteibanez.cl\/web\/wp-json\/wp\/v2\/users\/2"}],"replies":[{"embeddable":true,"href":"https:\/\/www.radiopresidenteibanez.cl\/web\/wp-json\/wp\/v2\/comments?post=33042"}],"version-history":[{"count":0,"href":"https:\/\/www.radiopresidenteibanez.cl\/web\/wp-json\/wp\/v2\/posts\/33042\/revisions"}],"wp:featuredmedia":[{"embeddable":true,"href":"https:\/\/www.radiopresidenteibanez.cl\/web\/wp-json\/wp\/v2\/media\/33043"}],"wp:attachment":[{"href":"https:\/\/www.radiopresidenteibanez.cl\/web\/wp-json\/wp\/v2\/media?parent=33042"}],"wp:term":[{"taxonomy":"category","embeddable":true,"href":"https:\/\/www.radiopresidenteibanez.cl\/web\/wp-json\/wp\/v2\/categories?post=33042"},{"taxonomy":"post_tag","embeddable":true,"href":"https:\/\/www.radiopresidenteibanez.cl\/web\/wp-json\/wp\/v2\/tags?post=33042"}],"curies":[{"name":"wp","href":"https:\/\/api.w.org\/{rel}","templated":true}]}}