{"id":33039,"date":"2022-09-28T16:23:00","date_gmt":"2022-09-28T19:23:00","guid":{"rendered":"https:\/\/www.radiopresidenteibanez.cl\/web\/?p=33039"},"modified":"2022-09-28T15:17:13","modified_gmt":"2022-09-28T18:17:13","slug":"desarrollo-social-y-familia-aprobo-proyecto-de-soluciones-sanitarias-para-36-hogares-de-punta-arenas","status":"publish","type":"post","link":"https:\/\/www.radiopresidenteibanez.cl\/web\/desarrollo-social-y-familia-aprobo-proyecto-de-soluciones-sanitarias-para-36-hogares-de-punta-arenas\/","title":{"rendered":"Desarrollo Social y Familia aprob\u00f3 proyecto de soluciones sanitarias para 36 hogares de Punta Arenas"},"content":{"rendered":"\n<p>El poblamiento de los sectores periurbanos y rurales de Punta Arenas ha ido en aumento, sin embargo estos lugares presentan la dificultad de no contar con tratamientos de aguas residuales al estar fuera del \u00e1rea de concesi\u00f3n de las empresas sanitarias.<\/p>\n\n\n\n<p>Es por ello que la Municipalidad de Punta Arenas present\u00f3 el proyecto de construcci\u00f3n de casetas sanitarias, destinado a entregar una soluci\u00f3n a 36 familias de los sectores de Agua Fresca, Andino, Villa Generosa, Llau Llau, Los Pinos, General del Canto, Pampa Redonda, Loteo Varillas, Loteo Vrsalovic, prolongaci\u00f3n Ignacio Carrera Pinto, 18 de Septiembre y Ojo Bueno.<\/p>\n\n\n\n<p>Para la continuidad al proyecto, el \u00e1rea de Inversiones de la Secretar\u00eda Regional de Desarrollo Social y Familia de Magallanes analiz\u00f3 la iniciativa desde la perspectiva del bienestar social, entregando recientemente la recomendaci\u00f3n satisfactoria a la fase de ejecuci\u00f3n del proyecto de construcci\u00f3n de casetas sanitarias. Con esta aprobaci\u00f3n, la iniciativa busca solicitar al Gobierno Regional un monto de $533 millones para ser financiada.<\/p>\n\n\n\n<p>Para el Secretario Regional de Desarrollo Social y Familia, Danilo Mimica Mansilla, \u201clos beneficiarios de este proyecto corresponden principalmente a personas mayores, que cuentan con indicadores de vulnerabilidad seg\u00fan el Registro Social de Hogares, debido a que la gran mayor\u00eda mantiene pozos negros como soluci\u00f3n sanitaria, lo que genera contaminaci\u00f3n medioambiental y condiciones poco seguras para las familias desde el punto de vista de la salud. Creemos que estas mejoras simbolizan las condiciones b\u00e1sicas con las que todo ciudadano debiese tener en su hogar\u201d.<\/p>\n\n\n\n<p>La autoridad del ramo, en compa\u00f1\u00eda del Coordinador del \u00c1rea de Inversiones de la secretar\u00eda regional, Alex Latorre C\u00e1rdenas, visit\u00f3 esta ma\u00f1ana a uno de los eventuales beneficiarios de este proyecto. Se trata de Alex Le\u00f3n Ruiz, vecino del sector Andino que vive hace catorce a\u00f1os, junto a su pareja e hija, en este lugar. \u201cDecidimos hacer nuestra casa ac\u00e1 para estar alejados de la ciudad, pero a\u00fan no podemos contar con acceso de agua potable y con un camino pavimentado. Esperamos que este proyecto avance, porque es una necesidad para nosotros\u201d, afirm\u00f3.<\/p>\n\n\n\n<p>Se construir\u00e1n casetas de 4,68 metros cuadrados y otras de 6,76 m2, estas \u00faltimas consideradas bajos las normas de accesibilidad universal. Ambos tipos se construir\u00e1n adosadas a las viviendas y contemplan la instalaci\u00f3n de artefactos como WC, lavamanos, pie de ducha, y otros accesorios. &nbsp;<\/p>\n","protected":false},"excerpt":{"rendered":"<p>El poblamiento de los sectores periurbanos y rurales de Punta Arenas ha ido en aumento, sin embargo estos lugares presentan la dificultad de no contar con tratamientos de aguas residuales&#8230; <a class=\"read-more\" href=\"https:\/\/www.radiopresidenteibanez.cl\/web\/desarrollo-social-y-familia-aprobo-proyecto-de-soluciones-sanitarias-para-36-hogares-de-punta-arenas\/\">Leer m\u00e1s<\/a><\/p>\n","protected":false},"author":2,"featured_media":33040,"comment_status":"closed","ping_status":"closed","sticky":false,"template":"","format":"standard","meta":{"footnotes":""},"categories":[1],"tags":[],"class_list":["post-33039","post","type-post","status-publish","format-standard","has-post-thumbnail","hentry","category-cronica"],"_links":{"self":[{"href":"https:\/\/www.radiopresidenteibanez.cl\/web\/wp-json\/wp\/v2\/posts\/33039","targetHints":{"allow":["GET"]}}],"collection":[{"href":"https:\/\/www.radiopresidenteibanez.cl\/web\/wp-json\/wp\/v2\/posts"}],"about":[{"href":"https:\/\/www.radiopresidenteibanez.cl\/web\/wp-json\/wp\/v2\/types\/post"}],"author":[{"embeddable":true,"href":"https:\/\/www.radiopresidenteibanez.cl\/web\/wp-json\/wp\/v2\/users\/2"}],"replies":[{"embeddable":true,"href":"https:\/\/www.radiopresidenteibanez.cl\/web\/wp-json\/wp\/v2\/comments?post=33039"}],"version-history":[{"count":0,"href":"https:\/\/www.radiopresidenteibanez.cl\/web\/wp-json\/wp\/v2\/posts\/33039\/revisions"}],"wp:featuredmedia":[{"embeddable":true,"href":"https:\/\/www.radiopresidenteibanez.cl\/web\/wp-json\/wp\/v2\/media\/33040"}],"wp:attachment":[{"href":"https:\/\/www.radiopresidenteibanez.cl\/web\/wp-json\/wp\/v2\/media?parent=33039"}],"wp:term":[{"taxonomy":"category","embeddable":true,"href":"https:\/\/www.radiopresidenteibanez.cl\/web\/wp-json\/wp\/v2\/categories?post=33039"},{"taxonomy":"post_tag","embeddable":true,"href":"https:\/\/www.radiopresidenteibanez.cl\/web\/wp-json\/wp\/v2\/tags?post=33039"}],"curies":[{"name":"wp","href":"https:\/\/api.w.org\/{rel}","templated":true}]}}