{"id":3302,"date":"2019-04-12T15:05:56","date_gmt":"2019-04-12T15:05:56","guid":{"rendered":"http:\/\/www.radiopresidenteibanez.cl\/web\/?p=3302"},"modified":"2019-04-12T15:06:35","modified_gmt":"2019-04-12T15:06:35","slug":"nuevos-medicos-y-odontologo-edf-reforzaran-la-atencion-de-salud-en-magallanes","status":"publish","type":"post","link":"https:\/\/www.radiopresidenteibanez.cl\/web\/nuevos-medicos-y-odontologo-edf-reforzaran-la-atencion-de-salud-en-magallanes\/","title":{"rendered":"NUEVOS M\u00c9DICOS Y ODONT\u00d3LOGO EDF REFORZAR\u00c1N LA ATENCI\u00d3N DE SALUD EN MAGALLANES"},"content":{"rendered":"\n<p>17 nuevos profesionales\nen etapa de Destinaci\u00f3n y Formaci\u00f3n se incorporaron recientemente a la Red\nAsistencial del Servicio de Salud Magallanes, con el claro objetivo de apoyar y\nfortalecer la atenci\u00f3n primaria de la regi\u00f3n, seg\u00fan lo expresado por los j\u00f3venes\nm\u00e9dicos y odont\u00f3logo.<\/p>\n\n\n\n<p>Consultado por la\nllegada de los profesionales, el Director del Servicio de Salud Magallanes,\nNelson Reyes coment\u00f3 que no es un n\u00famero menor el que hoy se suma al trabajo de\nsalud en la regi\u00f3n, \u201cellos son m\u00e9dicos cirujanos que nos vienen a apoyar en los\nHospitales Comunitarios de Porvenir y Puerto Williams, Hospital de Puerto\nNatales y adem\u00e1s en los CESFAM de Punta Arenas, que tienen 4 destinados (\u2026) vienen\na prestar toda la atenci\u00f3n desde la urgencia, pero tambi\u00e9n en la atenci\u00f3n\nambulatoria en los centros de salud\u201d, puntualiz\u00f3 el Director.<\/p>\n\n\n\n<p>Por su parte, Elba\nMora, SEREMI (s) de Salud se\u00f1al\u00f3 que, \u201ces una instancia muy importante que va\nen beneficio de la salud de la poblaci\u00f3n, porque nos permite entregar\ncoberturas que a\u00fan no est\u00e1n cubiertas, a la vez de potenciar la Red,\naprovechando las condiciones con que contamos\u201d, sostuvo la SEREMI (s).<\/p>\n\n\n\n<p>Pensando a futuro y\nen la necesidad de profesionales especialistas, la Subdirectora m\u00e9dica del\norganismo sanitario Dra. Mar\u00eda Isabel Iduya, respaldando las palabras del\nDirector de Servicio, manifest\u00f3 que, \u201cla idea es que ellos conozcan esta regi\u00f3n\nvean como esta funcionando esta red y luego cuando ellos opten a realizar\nalguna espacialidad, puedan elegir alguna que sea con devoluci\u00f3n en Magallanes,\nconsiderando que muchos de los especialistas que se encuentran hoy en el\nHospital Cl\u00ednico partieron conociendo esta regi\u00f3n como m\u00e9dicos generales de\nzona que son los actuales m\u00e9dicos EDF\u201d, indic\u00f3 la Dra. Iduya.<\/p>\n\n\n\n<p>Se\u00f1alar que el grupo\nest\u00e1 compuesto por 16 m\u00e9dicos y un odont\u00f3logo, quienes ser\u00e1n distribuidos en 4\nplazas para el Hospital Comunitario Dr. Marcos Chamorro de Porvenir, 2 plazas\npara el Hospital Comunitario Cristina Calder\u00f3n de Puerto Williams, 7 plazas\npara el Hospital Dr. Augusto Essmann de Puerto Natales y 4 plazas para los\nCESFAM de Punta Arenas.<\/p>\n\n\n\n<p>Al respecto, Paloma\nTrivi\u00f1o , delegada de los M\u00e9dicos EDF Magallanes y quien ya lleva dos a\u00f1os en la\nzona, enfatiz\u00f3 el hecho de que, \u201clos m\u00e9dicos generales de zona de Magallanes y\nde todo el pa\u00eds, estamos al servicio de la comunidad m\u00e1s vulnerable y extrema\ndel pa\u00eds, la idea de todos nosotros \u2013 de los que estamos y de los que llegan &#8211; es\ncolaborar y participar activamente en generar una salud de calidad de para las\npersonas, apoyando a los equipos que ya existen y fortalecerlos\u201d. <\/p>\n\n\n\n<p>Siendo lo expuesto\npor la delegada de los EDF, el objetivo que agrupa a los j\u00f3venes profesionales\nde salud. Para la magall\u00e1nica Danissa Haro, titulada de la Universidad de\nValpara\u00edso y que se trasladar\u00e1 hasta el Hospital de Puerto Natales, volver a la\nregi\u00f3n siempre estuvo en sus planes, \u201cSiempre quise ser un aporte teniendo en\ncuanta la realidad, y tambi\u00e9n porque uno puede entender de alguna manera ese\nsentimiento que tiene el magall\u00e1nico de que no tener acceso a los\nespecialistas, pero si bien cierto nosotros venimos como m\u00e9dicos generales\nigual podemos aportar a la salud de las personas\u201d indic\u00f3.<\/p>\n\n\n\n<p>Entusiasmado con su\nnueva destinaci\u00f3n, el penquista Francisco Quilodran, titulado de la Universidad\nde Concepci\u00f3n, se\u00f1ala que se enter\u00f3 de la plaza a trav\u00e9s del concurso\nministerial y una vez que se liber\u00f3 postul\u00f3, en atenci\u00f3n a lo hermoso de la\nregi\u00f3n y el trabajo a desarrollar en el establecimiento de salud. \u201cPara ser\nhonesto no ten\u00eda conocimiento de la log\u00edstica que tiene llegar a Puerto\nWilliams, no sab\u00eda del ferry y de las 36 horas en que se demora en llegar, pero\nme ha parecido a medida que lo voy conociendo un lugar hermoso donde poder\nvivir esta etapa de destinaci\u00f3n\u201d.<\/p>\n\n\n\n<p>Igual de entusiasmado se encuentra Juan Pablo Tello, quien se desempe\u00f1ar\u00e1 como m\u00e9dico en el CESFAM Carlos Ib\u00e1\u00f1ez, \u201celeg\u00ed Magallanes por su gente, he venido varias veces y quede enamorado del lugar, tuve la oportunidad de postular y quede, siendo mi expectativa el apoyar en reforzar la atenci\u00f3n primaria, ayudando a la gente para que a futuro se desarrolle una mejor salud\u201d, sostuvo.<\/p>\n\n\n\n<figure class=\"wp-block-image\"><img loading=\"lazy\" decoding=\"async\" width=\"900\" height=\"675\" src=\"https:\/\/www.radiopresidenteibanez.cl\/web\/wp-content\/uploads\/2019\/04\/edf.jpg\" alt=\"\" class=\"wp-image-3303\" srcset=\"https:\/\/www.radiopresidenteibanez.cl\/web\/wp-content\/uploads\/2019\/04\/edf.jpg 900w, https:\/\/www.radiopresidenteibanez.cl\/web\/wp-content\/uploads\/2019\/04\/edf-300x225.jpg 300w, https:\/\/www.radiopresidenteibanez.cl\/web\/wp-content\/uploads\/2019\/04\/edf-768x576.jpg 768w\" sizes=\"auto, (max-width: 900px) 100vw, 900px\" \/><\/figure>\n","protected":false},"excerpt":{"rendered":"<p>17 nuevos profesionales en etapa de Destinaci\u00f3n y Formaci\u00f3n se incorporaron recientemente a la Red Asistencial del Servicio de Salud Magallanes, con el claro objetivo de apoyar y fortalecer la&#8230; <a class=\"read-more\" href=\"https:\/\/www.radiopresidenteibanez.cl\/web\/nuevos-medicos-y-odontologo-edf-reforzaran-la-atencion-de-salud-en-magallanes\/\">Leer m\u00e1s<\/a><\/p>\n","protected":false},"author":2,"featured_media":3303,"comment_status":"closed","ping_status":"closed","sticky":false,"template":"","format":"standard","meta":{"footnotes":""},"categories":[1],"tags":[],"class_list":["post-3302","post","type-post","status-publish","format-standard","has-post-thumbnail","hentry","category-cronica"],"_links":{"self":[{"href":"https:\/\/www.radiopresidenteibanez.cl\/web\/wp-json\/wp\/v2\/posts\/3302","targetHints":{"allow":["GET"]}}],"collection":[{"href":"https:\/\/www.radiopresidenteibanez.cl\/web\/wp-json\/wp\/v2\/posts"}],"about":[{"href":"https:\/\/www.radiopresidenteibanez.cl\/web\/wp-json\/wp\/v2\/types\/post"}],"author":[{"embeddable":true,"href":"https:\/\/www.radiopresidenteibanez.cl\/web\/wp-json\/wp\/v2\/users\/2"}],"replies":[{"embeddable":true,"href":"https:\/\/www.radiopresidenteibanez.cl\/web\/wp-json\/wp\/v2\/comments?post=3302"}],"version-history":[{"count":0,"href":"https:\/\/www.radiopresidenteibanez.cl\/web\/wp-json\/wp\/v2\/posts\/3302\/revisions"}],"wp:featuredmedia":[{"embeddable":true,"href":"https:\/\/www.radiopresidenteibanez.cl\/web\/wp-json\/wp\/v2\/media\/3303"}],"wp:attachment":[{"href":"https:\/\/www.radiopresidenteibanez.cl\/web\/wp-json\/wp\/v2\/media?parent=3302"}],"wp:term":[{"taxonomy":"category","embeddable":true,"href":"https:\/\/www.radiopresidenteibanez.cl\/web\/wp-json\/wp\/v2\/categories?post=3302"},{"taxonomy":"post_tag","embeddable":true,"href":"https:\/\/www.radiopresidenteibanez.cl\/web\/wp-json\/wp\/v2\/tags?post=3302"}],"curies":[{"name":"wp","href":"https:\/\/api.w.org\/{rel}","templated":true}]}}