{"id":3299,"date":"2019-04-12T15:00:12","date_gmt":"2019-04-12T15:00:12","guid":{"rendered":"http:\/\/www.radiopresidenteibanez.cl\/web\/?p=3299"},"modified":"2019-04-12T15:00:21","modified_gmt":"2019-04-12T15:00:21","slug":"fiscal-s-efectuo-charla-a-docentes-de-liceo-de-porvenir-y-a-equipo-de-reten-de-pampa-guanaco","status":"publish","type":"post","link":"https:\/\/www.radiopresidenteibanez.cl\/web\/fiscal-s-efectuo-charla-a-docentes-de-liceo-de-porvenir-y-a-equipo-de-reten-de-pampa-guanaco\/","title":{"rendered":"FISCAL (S) EFECTU\u00d3 CHARLA A DOCENTES DE LICEO DE PORVENIR Y A EQUIPO DE RET\u00c9N DE PAMPA GUANACO"},"content":{"rendered":"\n<p>Docentes y\nparadocentes de ense\u00f1anza media del Liceo Polit\u00e9cnico Hernando de Magallanes de\nPorvenir, participaron de una interactiva charla brindada por el Fiscal (s) de\nla provincia de Tierra del Fuego, Sebasti\u00e1n Mar\u00edn,&nbsp; sobre el Rol de la Fiscal\u00eda, tanto en la\npersecuci\u00f3n penal como en la protecci\u00f3n de v\u00edctimas y testigos, la obligaci\u00f3n\nde denunciar de los funcionarios p\u00fablicos y algunos tipos de delitos entre\nellos sexuales, responsabilidad penal adolescente y drogas. <\/p>\n\n\n\n<p>El encuentro se enmarc\u00f3 en un&nbsp;\nprograma regional de actividades de capacitaci\u00f3n y difusi\u00f3n de la labor\ninstitucional, especialmente con los representantes del \u00e1rea&nbsp;&nbsp; de la educaci\u00f3n y salud, &nbsp;&nbsp;el cual tiene por fin disipar dudas respecto\nal sistema de justicia criminal, orientar y aportar conocimiento &nbsp;a los profesionales y t\u00e9cnicos.<\/p>\n\n\n\n<p>Cabe indicar que luego de esta capacitaci\u00f3n el Fiscal (s) Marin se dirigi\u00f3 al Ret\u00e9n de Pampa Guanaco para coordinar la labor interinstitucional y conversar con el destacamento sobre las primeras diligencias investigativas y la pauta unificada de violencia Intrafamiliar. <\/p>\n\n\n\n<figure class=\"wp-block-image\"><img loading=\"lazy\" decoding=\"async\" width=\"900\" height=\"675\" src=\"https:\/\/www.radiopresidenteibanez.cl\/web\/wp-content\/uploads\/2019\/04\/1-3.jpg\" alt=\"\" class=\"wp-image-3300\" srcset=\"https:\/\/www.radiopresidenteibanez.cl\/web\/wp-content\/uploads\/2019\/04\/1-3.jpg 900w, https:\/\/www.radiopresidenteibanez.cl\/web\/wp-content\/uploads\/2019\/04\/1-3-300x225.jpg 300w, https:\/\/www.radiopresidenteibanez.cl\/web\/wp-content\/uploads\/2019\/04\/1-3-768x576.jpg 768w\" sizes=\"auto, (max-width: 900px) 100vw, 900px\" \/><\/figure>\n","protected":false},"excerpt":{"rendered":"<p>Docentes y paradocentes de ense\u00f1anza media del Liceo Polit\u00e9cnico Hernando de Magallanes de Porvenir, participaron de una interactiva charla brindada por el Fiscal (s) de la provincia de Tierra del&#8230; <a class=\"read-more\" href=\"https:\/\/www.radiopresidenteibanez.cl\/web\/fiscal-s-efectuo-charla-a-docentes-de-liceo-de-porvenir-y-a-equipo-de-reten-de-pampa-guanaco\/\">Leer m\u00e1s<\/a><\/p>\n","protected":false},"author":2,"featured_media":3300,"comment_status":"closed","ping_status":"closed","sticky":false,"template":"","format":"standard","meta":{"footnotes":""},"categories":[1],"tags":[],"class_list":["post-3299","post","type-post","status-publish","format-standard","has-post-thumbnail","hentry","category-cronica"],"_links":{"self":[{"href":"https:\/\/www.radiopresidenteibanez.cl\/web\/wp-json\/wp\/v2\/posts\/3299","targetHints":{"allow":["GET"]}}],"collection":[{"href":"https:\/\/www.radiopresidenteibanez.cl\/web\/wp-json\/wp\/v2\/posts"}],"about":[{"href":"https:\/\/www.radiopresidenteibanez.cl\/web\/wp-json\/wp\/v2\/types\/post"}],"author":[{"embeddable":true,"href":"https:\/\/www.radiopresidenteibanez.cl\/web\/wp-json\/wp\/v2\/users\/2"}],"replies":[{"embeddable":true,"href":"https:\/\/www.radiopresidenteibanez.cl\/web\/wp-json\/wp\/v2\/comments?post=3299"}],"version-history":[{"count":0,"href":"https:\/\/www.radiopresidenteibanez.cl\/web\/wp-json\/wp\/v2\/posts\/3299\/revisions"}],"wp:featuredmedia":[{"embeddable":true,"href":"https:\/\/www.radiopresidenteibanez.cl\/web\/wp-json\/wp\/v2\/media\/3300"}],"wp:attachment":[{"href":"https:\/\/www.radiopresidenteibanez.cl\/web\/wp-json\/wp\/v2\/media?parent=3299"}],"wp:term":[{"taxonomy":"category","embeddable":true,"href":"https:\/\/www.radiopresidenteibanez.cl\/web\/wp-json\/wp\/v2\/categories?post=3299"},{"taxonomy":"post_tag","embeddable":true,"href":"https:\/\/www.radiopresidenteibanez.cl\/web\/wp-json\/wp\/v2\/tags?post=3299"}],"curies":[{"name":"wp","href":"https:\/\/api.w.org\/{rel}","templated":true}]}}