{"id":32987,"date":"2022-09-26T17:29:00","date_gmt":"2022-09-26T20:29:00","guid":{"rendered":"https:\/\/www.radiopresidenteibanez.cl\/web\/?p=32987"},"modified":"2022-09-26T15:32:09","modified_gmt":"2022-09-26T18:32:09","slug":"la-falta-de-respeto-a-los-simbolos-patrios","status":"publish","type":"post","link":"https:\/\/www.radiopresidenteibanez.cl\/web\/la-falta-de-respeto-a-los-simbolos-patrios\/","title":{"rendered":"LA FALTA DE RESPETO A LOS SIMBOLOS PATRIOS"},"content":{"rendered":"\n<p>Hay una enfermedad que se llama odio y que la derecha extrema en Chile la ha cubierto con una capa que ha llamado \u201cAmor\u201d, como si de un lobo con cuero de oveja se tratare. Reclam\u00e9 en su momento por el titular mal gestado de uno de los diarios regionales y mi nota (que era la \u00faltima que publicar\u00eda con ellos) fue omitida o mejor dicho vetada, pero se ha reproducido por diversos medios abiertos a la cr\u00edtica, entre los cuales se encuentra este, lo cual agradezco por el bien de nuestro pa\u00eds.<\/p>\n\n\n\n<p>La expresi\u00f3n de esa cualidad malentendida por los fan\u00e1ticos, y que lo reproducen con risas, mofas y memes aquellos que les secundan de manera inconsciente, son los que m\u00e1s mal le hacen a la falta de entendimiento que debe existir entre nuestros connacionales. Realmente el odio es contagioso y se parece al encuentro de la verdad con la mentira, donde cuesta entender la din\u00e1mica que hay detr\u00e1s de las alegor\u00edas y pol\u00edticas articuladas por quienes no tienen un adecuado uso de la raz\u00f3n.<\/p>\n\n\n\n<p>Sabemos que la funa del Parque O\u00b4Higgins se vio por todos los medios nacionales y extranjeros. Sus orquestadores son pseudos caudillos que se han ense\u00f1oreado con las peque\u00f1as cuotas de poder que alguien les entreg\u00f3 bajo coerci\u00f3n, matonaje y\/o d\u00e1divas y, ahora, de manera peligrosa quieren ejercerlos porque han visto que nada ni nadie los puede o intenta detener y menos fustigar. Sus m\u00e1ximos representantes llegaron al Congreso y ahora se sienten intocables, poderosos e incombustibles.<\/p>\n\n\n\n<p>Los mismos mensajes que pusieron a la vista de la prensa internacional que estuvo presente y que hablaban de verg\u00fcenza, les escupi\u00f3 en la cara, porque no hay nada m\u00e1s vergonzoso que aquellos que se dicen patriotas y republicanos, defensores de la imagen y del legado de Pinochet, cercanos al mundo militar del cual se nutren para ostentar fuerza, sean los que atentaron contra los s\u00edmbolos patrios de ese d\u00eda 19 de septiembre de 2022 en la elipse del Parque. All\u00ed, donde la naci\u00f3n toda (guste o no de la institucionalidad castrense) se une en torno a su historia, a la gesta de quienes formaron la patria, ofrendando sus vidas para evitar a los enemigos externos que, de tanto en tanto, amenazan nuestras fronteras, se produjo el desaguisado de quienes no tienen control, reparo y, menos, remordimientos. Verg\u00fcenza por haber insultado en la cara a quienes consideran como sus seguidores m\u00e1s ciertos y haber mancillado la bandera nacional durante su entonaci\u00f3n, como lo hiciera un grupo de desadaptados sociales en la m\u00e1s aberrante representaci\u00f3n \u201cart\u00edstica\u201d que nos entreg\u00f3 el cierre de la campa\u00f1a del Apruebo en Valpara\u00edso. Quedaron a su mismo nivel y deber\u00edamos o\u00edr las condenas por esos hechos de todos lados, pero hasta hoy solo silencios. Veremos una vez m\u00e1s el doble est\u00e1ndar de un sector importante de nuestro pa\u00eds.<\/p>\n\n\n\n<p>Triste fue o\u00edrlos perturbar grotescamente las trasmisiones de los canales que, con mucha cautela, trataron junto al sonido de las distintas bandas de guerra, de formar cortinas a los ruidos e insultos, para rescatar as\u00ed un poco de la solemnidad mancillada.<\/p>\n\n\n\n<p>Cada a\u00f1o disfrutamos la marcialidad del paso de los miles de j\u00f3venes que, bajo el mando de sus oficiales, pasan frente a las autoridades que la ciudadan\u00eda ha elegido como sus representantes y donde est\u00e1n tambi\u00e9n sus m\u00e1s altas jefaturas quienes, luego de una larga carrera, han llegado a la cima de sus instituciones. Alguno pudo sentir cierta simpat\u00eda por lo que comenzaba a acontecer, lo que no ser\u00eda raro, pero no cabe duda alguna que, luego de la persistencia, se fueron dando cuenta del tremendo insulto que aquello estaba resultando y a lo cual ninguno querr\u00eda adherir. Era cosa de ver los rostros molestos por la actitud.<\/p>\n\n\n\n<p>Triste es ver como aparecen justificadores del acto, qued\u00e1ndose con la cara de la moneda que les conviene o que les interesa para sus fines ego\u00edstas y simplistas, o porque no est\u00e1n preparados para hacer un an\u00e1lisis m\u00e1s profundo, delicado y honesto, o porque creen que no justificarlo ser\u00eda un atentado a sus propios principios. Intentar justificar tal agravio en un d\u00eda tan especial para la Patria es como remover la hediondez de una bosta en el campo.<\/p>\n\n\n\n<p>Lo que est\u00e1 claro es que el mensaje se envi\u00f3 y que el mensajero se equivoc\u00f3 rotundamente pues tir\u00f3 una bomba de racimo sobre las tradiciones que asegura defender y representar. Se han autoinvitado a quedar fuera del marco de las conversaciones de las fuerzas pol\u00edticas democr\u00e1ticas reales. Los extremos no sirven a la convivencia y deber\u00edan, por sanidad de la democracia, quedar aislados hasta que desaparezcan. D\u00e1ndoles libertad de acci\u00f3n se formaron los peores grupos fascistas de la historia y ya sabemos c\u00f3mo termin\u00f3 todo: uno colgado por sus partisanos y el otro suicid\u00e1ndose en su bunker.<\/p>\n","protected":false},"excerpt":{"rendered":"<p>Hay una enfermedad que se llama odio y que la derecha extrema en Chile la ha cubierto con una capa que ha llamado \u201cAmor\u201d, como si de un lobo con&#8230; <a class=\"read-more\" href=\"https:\/\/www.radiopresidenteibanez.cl\/web\/la-falta-de-respeto-a-los-simbolos-patrios\/\">Leer m\u00e1s<\/a><\/p>\n","protected":false},"author":2,"featured_media":32988,"comment_status":"closed","ping_status":"closed","sticky":false,"template":"","format":"standard","meta":{"footnotes":""},"categories":[1],"tags":[],"class_list":["post-32987","post","type-post","status-publish","format-standard","has-post-thumbnail","hentry","category-cronica"],"_links":{"self":[{"href":"https:\/\/www.radiopresidenteibanez.cl\/web\/wp-json\/wp\/v2\/posts\/32987","targetHints":{"allow":["GET"]}}],"collection":[{"href":"https:\/\/www.radiopresidenteibanez.cl\/web\/wp-json\/wp\/v2\/posts"}],"about":[{"href":"https:\/\/www.radiopresidenteibanez.cl\/web\/wp-json\/wp\/v2\/types\/post"}],"author":[{"embeddable":true,"href":"https:\/\/www.radiopresidenteibanez.cl\/web\/wp-json\/wp\/v2\/users\/2"}],"replies":[{"embeddable":true,"href":"https:\/\/www.radiopresidenteibanez.cl\/web\/wp-json\/wp\/v2\/comments?post=32987"}],"version-history":[{"count":0,"href":"https:\/\/www.radiopresidenteibanez.cl\/web\/wp-json\/wp\/v2\/posts\/32987\/revisions"}],"wp:featuredmedia":[{"embeddable":true,"href":"https:\/\/www.radiopresidenteibanez.cl\/web\/wp-json\/wp\/v2\/media\/32988"}],"wp:attachment":[{"href":"https:\/\/www.radiopresidenteibanez.cl\/web\/wp-json\/wp\/v2\/media?parent=32987"}],"wp:term":[{"taxonomy":"category","embeddable":true,"href":"https:\/\/www.radiopresidenteibanez.cl\/web\/wp-json\/wp\/v2\/categories?post=32987"},{"taxonomy":"post_tag","embeddable":true,"href":"https:\/\/www.radiopresidenteibanez.cl\/web\/wp-json\/wp\/v2\/tags?post=32987"}],"curies":[{"name":"wp","href":"https:\/\/api.w.org\/{rel}","templated":true}]}}