{"id":32984,"date":"2022-09-26T16:23:00","date_gmt":"2022-09-26T19:23:00","guid":{"rendered":"https:\/\/www.radiopresidenteibanez.cl\/web\/?p=32984"},"modified":"2022-09-26T11:45:40","modified_gmt":"2022-09-26T14:45:40","slug":"corporacion-de-asistencia-judicial-representacion-especializada-de-ninez-y-adolescencia-marca-hito-de-acceso-a-la-justicia-durante-2022","status":"publish","type":"post","link":"https:\/\/www.radiopresidenteibanez.cl\/web\/corporacion-de-asistencia-judicial-representacion-especializada-de-ninez-y-adolescencia-marca-hito-de-acceso-a-la-justicia-durante-2022\/","title":{"rendered":"CORPORACI\u00d3N DE ASISTENCIA JUDICIAL: REPRESENTACION ESPECIALIZADA DE NI\u00d1EZ Y ADOLESCENCIA MARCA HITO DE ACCESO A LA JUSTICIA DURANTE 2022"},"content":{"rendered":"\n<p>Como es tradicional, esta semana (29 de septiembre) la Corporaci\u00f3n de Asistencia Judicial (CAJ), organismo dependiente del Ministerio de Justicia y DD.HH., celebra el D\u00eda Nacional del Acceso a la Justicia, fecha que busca un acercamiento con la comunidad para relevar los avances en la materia, as\u00ed como la importancia de la labor que cumplen sus funcionarias y funcionarios.<br>En t\u00e9rminos de personas, la CAJ atiende 489 nuevos ingresos mensuales en promedio a nivel regional, prestando asesor\u00eda jur\u00eddica y judicial. Esto, luego de haber afrontado parte de la pandemia del Covid-19 v\u00eda teletrabajo, sin dejar de atender, resguardando en todo momento la salud del usuario (a) y la de su personal. En permanente esfuerzo por lograr una justicia cercana, con un v\u00ednculo efectivo con las personas, su Director Regional, Alejandro Donatti Ot\u00e1rola, destac\u00f3 como su hito m\u00e1s reciente la incorporaci\u00f3n en Magallanes de su l\u00ednea de representaci\u00f3n jur\u00eddica especializada \u201cLa Ni\u00f1ez y Adolescencia se Defienden\u201d.<br>Mencion\u00f3 que esta pionera iniciativa busca procurar defensa jur\u00eddica especializada de los ni\u00f1os, ni\u00f1as y adolescentes (NNA), garantizando su efectivo acceso a la justicia y el debido proceso de las causas judiciales en que se busca proteger sus derechos.<br>Al respecto, Gonzalo Rojas Castillo, Coordinador Regional de \u201cLa Ni\u00f1ez y Adolescencia se Defienden\u201d, indic\u00f3 que este esfuerzo de la CAJ viene a responder a una necesidad nacional y tambi\u00e9n regional de representaci\u00f3n especializada, y se aboca a aquellos casos de vulneraci\u00f3n de derechos de Ni\u00f1os, Ni\u00f1as y Adolescentes (NNA) quienes viven con sus familias (catalogados de baja complejidad). Se diferencia del Programa \u201cMi Abogado\u201d, que es una l\u00ednea de acci\u00f3n pensada en NNA en situaci\u00f3n de cuidado alternativo (separados de sus familias) y, por ende, se habla de hacer un trabajo complementario y colaborativo con el que ya hac\u00eda este \u00faltimo.<\/p>\n\n\n\n<p>DEFENSA EN ACCI\u00d3N<\/p>\n\n\n\n<p>Donatti mencion\u00f3 que su apertura se debi\u00f3 a m\u00faltiples factores, como el cierre de los programas de representaci\u00f3n de NNA del Sename. Adem\u00e1s se hizo un estudio y un catastro que arroj\u00f3 que hab\u00eda al menos 30 mil a 40 mil procesos en los cuales los NNA no ten\u00edan un curador exclusivo (Ad Litem) que los represente. Al respecto, si bien Magallanes ten\u00eda un est\u00e1ndar bastante alto -con muy pocas causas sin representaci\u00f3n- al implementarse esta nueva l\u00ednea por parte del Ministerio de Justicia y DD.HH., \u201cvamos a complementar (lo existente) y a futuro esperamos tener representado el 100 por ciento de las designaciones que nos haga el tribunal\u201d, a\u00f1adi\u00f3.<br>A contar del 1 de septiembre, Rojas se\u00f1al\u00f3 que ya est\u00e1n representando varios casos de vulneraci\u00f3n de derechos ante el Juzgado de Familia y denuncias realizadas en Fiscal\u00eda. Al 12 de septiembre, contabilizaban 32 ingresos o casos vigentes con curadores Ad Litem, lo que da cuenta que esta l\u00ednea viene a cubrir tambi\u00e9n una sentida necesidad. Para ello, cuentan con una oficina especializada en Armando Sanhueza esquina Mejicana, y un equipo de trabajo de cuatro profesionales (tres abogados y abogadas y una trabajadora social).<br>Gonzalo subraya que el primer derecho fundamental que deben resguardar es el derecho del NNA a ser o\u00eddo y participar del procedimiento, con un cat\u00e1logo muy amplio de posibles vulneraciones de derechos que pueden representar, alusivas al atentado a la integridad f\u00edsica o ps\u00edquica, maltrato, vulneraci\u00f3n al derecho a la educaci\u00f3n, al acceso a la salud e incluso en la esfera de la sexualidad, pudiendo ser representados ante el Juzgado de Familia y tambi\u00e9n en el tribunal penal, seg\u00fan corresponda.<br>Seg\u00fan Donatti, debieran andar entre los 500 y 600 curadur\u00edas por lo menos a nivel regional -en Punta Arenas bordean las 500-.<\/p>\n","protected":false},"excerpt":{"rendered":"<p>Como es tradicional, esta semana (29 de septiembre) la Corporaci\u00f3n de Asistencia Judicial (CAJ), organismo dependiente del Ministerio de Justicia y DD.HH., celebra el D\u00eda Nacional del Acceso a la&#8230; <a class=\"read-more\" href=\"https:\/\/www.radiopresidenteibanez.cl\/web\/corporacion-de-asistencia-judicial-representacion-especializada-de-ninez-y-adolescencia-marca-hito-de-acceso-a-la-justicia-durante-2022\/\">Leer m\u00e1s<\/a><\/p>\n","protected":false},"author":2,"featured_media":32985,"comment_status":"closed","ping_status":"closed","sticky":false,"template":"","format":"standard","meta":{"footnotes":""},"categories":[1],"tags":[],"class_list":["post-32984","post","type-post","status-publish","format-standard","has-post-thumbnail","hentry","category-cronica"],"_links":{"self":[{"href":"https:\/\/www.radiopresidenteibanez.cl\/web\/wp-json\/wp\/v2\/posts\/32984","targetHints":{"allow":["GET"]}}],"collection":[{"href":"https:\/\/www.radiopresidenteibanez.cl\/web\/wp-json\/wp\/v2\/posts"}],"about":[{"href":"https:\/\/www.radiopresidenteibanez.cl\/web\/wp-json\/wp\/v2\/types\/post"}],"author":[{"embeddable":true,"href":"https:\/\/www.radiopresidenteibanez.cl\/web\/wp-json\/wp\/v2\/users\/2"}],"replies":[{"embeddable":true,"href":"https:\/\/www.radiopresidenteibanez.cl\/web\/wp-json\/wp\/v2\/comments?post=32984"}],"version-history":[{"count":0,"href":"https:\/\/www.radiopresidenteibanez.cl\/web\/wp-json\/wp\/v2\/posts\/32984\/revisions"}],"wp:featuredmedia":[{"embeddable":true,"href":"https:\/\/www.radiopresidenteibanez.cl\/web\/wp-json\/wp\/v2\/media\/32985"}],"wp:attachment":[{"href":"https:\/\/www.radiopresidenteibanez.cl\/web\/wp-json\/wp\/v2\/media?parent=32984"}],"wp:term":[{"taxonomy":"category","embeddable":true,"href":"https:\/\/www.radiopresidenteibanez.cl\/web\/wp-json\/wp\/v2\/categories?post=32984"},{"taxonomy":"post_tag","embeddable":true,"href":"https:\/\/www.radiopresidenteibanez.cl\/web\/wp-json\/wp\/v2\/tags?post=32984"}],"curies":[{"name":"wp","href":"https:\/\/api.w.org\/{rel}","templated":true}]}}