{"id":32981,"date":"2022-09-26T15:10:00","date_gmt":"2022-09-26T18:10:00","guid":{"rendered":"https:\/\/www.radiopresidenteibanez.cl\/web\/?p=32981"},"modified":"2022-09-26T10:50:04","modified_gmt":"2022-09-26T13:50:04","slug":"comunas-rurales-de-la-region-destacan-en-concurso-historias-de-nuestra-tierra","status":"publish","type":"post","link":"https:\/\/www.radiopresidenteibanez.cl\/web\/comunas-rurales-de-la-region-destacan-en-concurso-historias-de-nuestra-tierra\/","title":{"rendered":"COMUNAS RURALES DE LA REGION DESTACAN EN CONCURSO \u201cHISTORIAS DE NUESTRA TIERRA\u201d"},"content":{"rendered":"\n<p>Las comunas rurales de Laguna Blanca y R\u00edo Verde se alzaron como las ganadoras en la categor\u00eda cuentos menores de 14 a\u00f1osdel concurso &#8216;Historias de Nuestra Tierra&#8217; que organiza anualmente el Ministerio de Agricultura a trav\u00e9s de la Fundaci\u00f3n de Comunicaciones, Capacitaci\u00f3n y Cultura del Agro (FUCOA), concurso que cumple treinta a\u00f1os de trayectoria.<\/p>\n\n\n\n<p>La ceremonia de premiaci\u00f3n realizada en el Museo Regional de Magallanes fue presidida por la Seremi de Agricultura, Irene Ram\u00edrez junto a los secretarios regionales Ministeriales de las carteras de Cultura, las Artes y el Patrimonio, Diego Garc\u00eda y de Educaci\u00f3n, Valent\u00edn Aguilera; adem\u00e1s de los directores del Instituto Nacional de Desarrollo Agropecuario, INDAP, Cristian Zegers y la directora regional de CONAF, Alejandra Silva.<\/p>\n\n\n\n<p>La premiaci\u00f3n se inici\u00f3 con la categor\u00eda cuento menores de 14 a\u00f1os &nbsp;de edad con el primer lugar regional para Fernanda Ampuero Sep\u00falveda, de la Comuna de Laguna Blanca, escuela Diego Portales, con la Obra: \u201cMi abuelo Fernando\u201d; el segundo lugar regional, correspondi\u00f3 para Angelina Quiroz \u00c1lvarez, de la comuna de R\u00edo Verde, escuela Bernado Bruney, con la Obra: \u201cEl origen del Calafate\u201d; el tercer lugar regional, fue para Catalina Gatica Ampuero, de la comuna de Punta Arenas, escuela Juan Williams con la Obra: \u201cMis recuerdos de infancia\u201d.&nbsp; En esta ocasi\u00f3n se entreg\u00f3 una Menci\u00f3n Honrosa para Katrina Godoy, de la comuna de Laguna Blanca, escuela Diego Portales, con la Obra: \u201clos sue\u00f1os y vivencias de Alexandra\u201d.<\/p>\n\n\n\n<p>En la categor\u00eda \u201cCuentos escritos por mayores de 14 a\u00f1os\u201d, el primer lugar regional, lo obtuvo don Jos\u00e9 Misael Calbucoy, Calbucoy, Jubilado de Punta Arenas con la Obra: \u201cCementerio de Quinchao\u201d, el segundo lugar regional correspondi\u00f3 para&nbsp; Jos\u00e9 Calisto Garay, jubilado&nbsp; de Punta Arenas con la Obra: \u201cVelloneros de la Patagonia\u201d y el tercer lugar regional&nbsp; fue para Rodrigo Gaete Salazar, profesor del INSUCO, con la Obra: \u201cCavilaciones en medio de la Nada\u201d, quien por razones de fuerza mayor no asisti\u00f3 a la ceremonia.<\/p>\n\n\n\n<p>En la categor\u00eda Poema, se realiz\u00f3 un reconocimiento p\u00f3stumo para don Vicente Caballero Q.E.P.D\u201d segundo lugar regional, con la poes\u00eda \u201c\u00daltima Veranada\u201d, qui\u00e9n fue representado por su esposa, la se\u00f1ora, Lucy Soto, acompa\u00f1ada de sus hijas Claudia y Paula Caballero junto a sus nietas. El tercer lugar regional lo obtuvo Alexander Santander Olate, baterista de la ciudad de Punta Arenas con la poes\u00eda el \u201cTehue Tehue\u201d. En tanto la profesora de lenguaje de Punta Arenas, Moira Aicon Gonz\u00e1lez, obtuvo el Primer lugar regional con el poema \u201cRomance del viento y de la Pampa\u201d.<\/p>\n\n\n\n<p>\u201cSe puede apreciar en la premiaci\u00f3n de hoy la participaci\u00f3n de &nbsp;las comunas rurales como Laguna Blanca y R\u00edo Verde, lugares donde nacen las historias que dan identidad a nuestra regi\u00f3n\u201d, manifest\u00f3 la Seremi de Agricultura, Irene Ram\u00edrez, agregando que \u201c nuestro objetivo con los Seremi de Educaci\u00f3n y Cultura es que en los pr\u00f3ximos concursos podamos incentivar a otras comunas rurales a participar con sus trabajos ya sea en las categor\u00edas fotograf\u00eda, dibujos adem\u00e1s de poemas y cuentos con la intenci\u00f3n de rescatar la sabidur\u00eda de nuestros territorios aqu\u00ed en la Patagonia austral\u201d.<\/p>\n","protected":false},"excerpt":{"rendered":"<p>Las comunas rurales de Laguna Blanca y R\u00edo Verde se alzaron como las ganadoras en la categor\u00eda cuentos menores de 14 a\u00f1osdel concurso &#8216;Historias de Nuestra Tierra&#8217; que organiza anualmente&#8230; <a class=\"read-more\" href=\"https:\/\/www.radiopresidenteibanez.cl\/web\/comunas-rurales-de-la-region-destacan-en-concurso-historias-de-nuestra-tierra\/\">Leer m\u00e1s<\/a><\/p>\n","protected":false},"author":2,"featured_media":32982,"comment_status":"closed","ping_status":"closed","sticky":false,"template":"","format":"standard","meta":{"footnotes":""},"categories":[1],"tags":[],"class_list":["post-32981","post","type-post","status-publish","format-standard","has-post-thumbnail","hentry","category-cronica"],"_links":{"self":[{"href":"https:\/\/www.radiopresidenteibanez.cl\/web\/wp-json\/wp\/v2\/posts\/32981","targetHints":{"allow":["GET"]}}],"collection":[{"href":"https:\/\/www.radiopresidenteibanez.cl\/web\/wp-json\/wp\/v2\/posts"}],"about":[{"href":"https:\/\/www.radiopresidenteibanez.cl\/web\/wp-json\/wp\/v2\/types\/post"}],"author":[{"embeddable":true,"href":"https:\/\/www.radiopresidenteibanez.cl\/web\/wp-json\/wp\/v2\/users\/2"}],"replies":[{"embeddable":true,"href":"https:\/\/www.radiopresidenteibanez.cl\/web\/wp-json\/wp\/v2\/comments?post=32981"}],"version-history":[{"count":0,"href":"https:\/\/www.radiopresidenteibanez.cl\/web\/wp-json\/wp\/v2\/posts\/32981\/revisions"}],"wp:featuredmedia":[{"embeddable":true,"href":"https:\/\/www.radiopresidenteibanez.cl\/web\/wp-json\/wp\/v2\/media\/32982"}],"wp:attachment":[{"href":"https:\/\/www.radiopresidenteibanez.cl\/web\/wp-json\/wp\/v2\/media?parent=32981"}],"wp:term":[{"taxonomy":"category","embeddable":true,"href":"https:\/\/www.radiopresidenteibanez.cl\/web\/wp-json\/wp\/v2\/categories?post=32981"},{"taxonomy":"post_tag","embeddable":true,"href":"https:\/\/www.radiopresidenteibanez.cl\/web\/wp-json\/wp\/v2\/tags?post=32981"}],"curies":[{"name":"wp","href":"https:\/\/api.w.org\/{rel}","templated":true}]}}