{"id":32978,"date":"2022-09-26T13:57:00","date_gmt":"2022-09-26T16:57:00","guid":{"rendered":"https:\/\/www.radiopresidenteibanez.cl\/web\/?p=32978"},"modified":"2022-09-26T10:44:20","modified_gmt":"2022-09-26T13:44:20","slug":"seremi-de-la-mujer-alejandra-ruiz-invita-a-postular-al-premio-inspiratec-2022","status":"publish","type":"post","link":"https:\/\/www.radiopresidenteibanez.cl\/web\/seremi-de-la-mujer-alejandra-ruiz-invita-a-postular-al-premio-inspiratec-2022\/","title":{"rendered":"SEREMI DE LA MUJER ALEJANDRA RUIZ INVITA A POSTULAR AL PREMIO INSPIRATEC 2022"},"content":{"rendered":"\n<p>Hasta el 11 de octubre estar\u00e1n abiertas las postulaciones para los Premios InspiraTEC 2022, para destacar a mujeres en ciencia y tecnolog\u00eda.&nbsp; La Seremi de la Mujer y Equidad de G\u00e9nero Alejandra Ruiz Ovando hizo un llamado a las j\u00f3venes a participar de esta instancia cuyo objetivo es destacar a ni\u00f1as, j\u00f3venes y mujeres emprendedoras en \u00e1reas de <a>ciencia, tecnolog\u00eda, ingenier\u00eda o matem\u00e1ticas <\/a>(STEM) se lanz\u00f3 hoy esta iniciativa impulsada por la Subsecretar\u00eda de Econom\u00eda y Empresas de Menor Tama\u00f1o.<\/p>\n\n\n\n<p>Las postulaciones ya est\u00e1n abiertas, y las categor\u00edas a premiar son: Joven Inspiradora, Emprendedora STEM, y Empresaria STEM.&nbsp; La primera categor\u00eda est\u00e1 dirigida a ni\u00f1as y j\u00f3venes de s\u00e9ptimo a cuarto medio, o hasta un a\u00f1o de egreso, destacadas por el desarrollo de proyectos de base STEM en su etapa escolar. Permite postulaci\u00f3n individual o en duplas.<\/p>\n\n\n\n<p>La segunda, a due\u00f1as o socias de empresas, cooperativas o proyectos de innovaci\u00f3n con base STEM, en etapa temprana, de pilotaje, o validaci\u00f3n comercial, con o sin formalizaci\u00f3n y hasta 5 a\u00f1os de antig\u00fcedad desde su inicio de actividades en SII en primera categor\u00eda, con o sin ventas. Mientras que la \u00faltima categor\u00eda es para socias de empresas, cooperativas o proyectos de innovaci\u00f3n con base STEM, cuya empresa cuente con al menos 5 a\u00f1os de antig\u00fcedad desde su inicio de actividades en el SII y potencial de crecimiento demostrable.<\/p>\n\n\n\n<p>La seremi Alejandra Ruiz dijo que &nbsp;\u00abHacemos un llamado a participar de esta convocatoria, porque esta es una gran oportunidad para las estudiantes, trabajadoras y empresarias en \u00e1reas STEM, o sea Ciencia, Tecnolog\u00eda, Ingenier\u00eda o Matem\u00e1ticas, que son claves para el nuevo modelo de desarrollo productivo en donde tengamos m\u00e1s equidad e igualdad de oportunidades para las mujeres,&nbsp; obteniendo de esta forma un reconocimiento p\u00fablico a mujeres destacadas, en la creaci\u00f3n de productos y\/o servicios innovadores con impacto positivo en la econom\u00eda o los mercados.\u00bb<\/p>\n\n\n\n<p>Desde 2016 este premio busca reconocer las invenciones y desarrollo de proyectos de adolescentes, j\u00f3venes y mujeres emprendedoras en \u00e1reas STEM. Para la versi\u00f3n de este a\u00f1o, InspiraTEC abre su convocatoria llamando a mujeres adolescentes, j\u00f3venes y adultas destacadas de todas las disciplinas STEM (Ciencia, Tecnolog\u00eda, Ingenier\u00eda y Matem\u00e1ticas). Esto, con el objetivo de aumentar la visibilidad del aporte de las mujeres a la innovaci\u00f3n, fomentar los emprendimientos femeninos y la generaci\u00f3n de empleos en dichas \u00e1reas y dar cuenta sobre el impacto positivo en la econom\u00eda, la sociedad y el medio ambiente, mediante la creaci\u00f3n de productos o servicios innovadores, o la generaci\u00f3n de cambios en los mercados.<\/p>\n\n\n\n<p>Las postulantes deber\u00e1n completar un formulario virtual en el sitio web <a href=\"..\/..\/bsaldivia\/Desktop\/Escritorio\/INFO%20DOC%20ESCRITORIO%202021\/www.premioinspiratec.cl\">www.premioinspiratec.cl<\/a>. El periodo de postulaci\u00f3n se inici\u00f3 el 9 de septiembre y se cerrar\u00e1 el pr\u00f3ximo 11 de octubre.<\/p>\n","protected":false},"excerpt":{"rendered":"<p>Hasta el 11 de octubre estar\u00e1n abiertas las postulaciones para los Premios InspiraTEC 2022, para destacar a mujeres en ciencia y tecnolog\u00eda.&nbsp; La Seremi de la Mujer y Equidad de&#8230; <a class=\"read-more\" href=\"https:\/\/www.radiopresidenteibanez.cl\/web\/seremi-de-la-mujer-alejandra-ruiz-invita-a-postular-al-premio-inspiratec-2022\/\">Leer m\u00e1s<\/a><\/p>\n","protected":false},"author":2,"featured_media":32979,"comment_status":"closed","ping_status":"closed","sticky":false,"template":"","format":"standard","meta":{"footnotes":""},"categories":[1],"tags":[],"class_list":["post-32978","post","type-post","status-publish","format-standard","has-post-thumbnail","hentry","category-cronica"],"_links":{"self":[{"href":"https:\/\/www.radiopresidenteibanez.cl\/web\/wp-json\/wp\/v2\/posts\/32978","targetHints":{"allow":["GET"]}}],"collection":[{"href":"https:\/\/www.radiopresidenteibanez.cl\/web\/wp-json\/wp\/v2\/posts"}],"about":[{"href":"https:\/\/www.radiopresidenteibanez.cl\/web\/wp-json\/wp\/v2\/types\/post"}],"author":[{"embeddable":true,"href":"https:\/\/www.radiopresidenteibanez.cl\/web\/wp-json\/wp\/v2\/users\/2"}],"replies":[{"embeddable":true,"href":"https:\/\/www.radiopresidenteibanez.cl\/web\/wp-json\/wp\/v2\/comments?post=32978"}],"version-history":[{"count":0,"href":"https:\/\/www.radiopresidenteibanez.cl\/web\/wp-json\/wp\/v2\/posts\/32978\/revisions"}],"wp:featuredmedia":[{"embeddable":true,"href":"https:\/\/www.radiopresidenteibanez.cl\/web\/wp-json\/wp\/v2\/media\/32979"}],"wp:attachment":[{"href":"https:\/\/www.radiopresidenteibanez.cl\/web\/wp-json\/wp\/v2\/media?parent=32978"}],"wp:term":[{"taxonomy":"category","embeddable":true,"href":"https:\/\/www.radiopresidenteibanez.cl\/web\/wp-json\/wp\/v2\/categories?post=32978"},{"taxonomy":"post_tag","embeddable":true,"href":"https:\/\/www.radiopresidenteibanez.cl\/web\/wp-json\/wp\/v2\/tags?post=32978"}],"curies":[{"name":"wp","href":"https:\/\/api.w.org\/{rel}","templated":true}]}}