{"id":32974,"date":"2022-09-26T12:17:00","date_gmt":"2022-09-26T15:17:00","guid":{"rendered":"https:\/\/www.radiopresidenteibanez.cl\/web\/?p=32974"},"modified":"2022-09-26T10:38:44","modified_gmt":"2022-09-26T13:38:44","slug":"con-gran-participacion-de-la-comunidad-se-realizo-feria-de-autocuidado-organizada-por-cuadrillas-sanitarias-de-magallanes","status":"publish","type":"post","link":"https:\/\/www.radiopresidenteibanez.cl\/web\/con-gran-participacion-de-la-comunidad-se-realizo-feria-de-autocuidado-organizada-por-cuadrillas-sanitarias-de-magallanes\/","title":{"rendered":"CON GRAN PARTICIPACI\u00d3N DE LA COMUNIDAD SE REALIZ\u00d3 FERIA DE AUTOCUIDADO ORGANIZADA POR CUADRILLAS SANITARIAS DE MAGALLANES"},"content":{"rendered":"\n<p>La actividad, realizada en Zona Austral, &nbsp;tuvo como objetivo entregar a la comunidad informaci\u00f3n preventiva y de autocuidado de diversos temas de salud, adem\u00e1s de responder dudas y consultas. Se cont\u00f3 con diversos stands informativos, los que abordaron entre otros temas: salud cardiovascular, salud infantil, prevenci\u00f3n VIH e ITS, salud mental, Alimentaci\u00f3n Saludable, Salud Bucal, Salud y sistema musculoesquel\u00e9tico, ex\u00e1menes preventivo, actividad f\u00edsica, &nbsp;entre otros.<\/p>\n\n\n\n<p>La encargada de la estrategia, Carla Castillo, explic\u00f3 que \u201cse trat\u00f3 de una iniciativa que naci\u00f3 del propio equipo de Cuadrillas Sanitarias de Punta Arenas y tiene relaci\u00f3n con la gesti\u00f3n que ellos realizan. Las Cuadrillas Sanitarias nacieron en el contexto de la pandemia de Covid-19, entregando medidas de autocuidado como son el lavado de manos, uso de mascarilla y otras. Pero con el pasar del tiempo se han ido incorporando otras tem\u00e1ticas que el equipo de trabajo maneja muy bien. Por tanto, ellos quisieron generar esta instancia educativa en este espacio fijo, donde no se desplazan de un lugar a otro como habitualmente lo hacen. Los diversos stands instalados representan tem\u00e1ticas que los integrantes de las cuadrillas han ido incorporando y entregan en las diversas intervenciones en terreno que realizan diariamente\u201d.<\/p>\n\n\n\n<p>Nancy Romero, coordinadora de la cuadrilla de Punta Arenas, explic\u00f3 que si bien las cuadrillas sanitarias nacieron por el corornavirus, \u201cya estamos pr\u00f3ximos a cubrir dos a\u00f1os, y en esto tiempo hemos desarrollado un trabajo territorial en juntas de vecinos, establecimientos educacionales y empresas laborales , bajo la estrategia de cuadrillas sanitarias en tu barrio,&nbsp; escolares y laborales. En estos espacios realizamos talleres e intervenciones educativas ya que las cuadrillas sanitarias se componen de diversos profesionales de las ciencias del \u00e1rea de la salud y de las ciencias sociales. De esta forma, quisimos realizar esta Feria de Autocuidado para poder expandir nuestros conocimientos y nuestros temas a la comunidad en general a cargo de kinesi\u00f3logos, fonaudiologos, nutricionistas,&nbsp; psic\u00f3logos, enfermeros, preparador f\u00edsico, educadora.<\/p>\n\n\n\n<p>En tanto, la SEREMI de Salud, Francisca Sanfuentes, valor\u00f3 el esfuerzo y dedicaci\u00f3n de las cuadrillas en llevar a cabo esta Feria y seguir desarrollando una labor territorial que ha sido fundamental en pandemia y que ha permitido acercar la salud a la personas en un trabajo cara a cara con la comunidad.<\/p>\n\n\n\n<p>Las cuadrillas sanitarias nacieron en contexto de pandemia, pero poco a poco fueron ampliando su radio de acci\u00f3n, y no s\u00f3lo informando acerca de medidas sanitarias y normativa Covid-19, sino que tambi\u00e9n resolviendo consultas de diversos temas de salud y reforzando los mensajes preventivos en general.<\/p>\n","protected":false},"excerpt":{"rendered":"<p>La actividad, realizada en Zona Austral, &nbsp;tuvo como objetivo entregar a la comunidad informaci\u00f3n preventiva y de autocuidado de diversos temas de salud, adem\u00e1s de responder dudas y consultas. Se&#8230; <a class=\"read-more\" href=\"https:\/\/www.radiopresidenteibanez.cl\/web\/con-gran-participacion-de-la-comunidad-se-realizo-feria-de-autocuidado-organizada-por-cuadrillas-sanitarias-de-magallanes\/\">Leer m\u00e1s<\/a><\/p>\n","protected":false},"author":2,"featured_media":32975,"comment_status":"closed","ping_status":"closed","sticky":false,"template":"","format":"standard","meta":{"footnotes":""},"categories":[1],"tags":[],"class_list":["post-32974","post","type-post","status-publish","format-standard","has-post-thumbnail","hentry","category-cronica"],"_links":{"self":[{"href":"https:\/\/www.radiopresidenteibanez.cl\/web\/wp-json\/wp\/v2\/posts\/32974","targetHints":{"allow":["GET"]}}],"collection":[{"href":"https:\/\/www.radiopresidenteibanez.cl\/web\/wp-json\/wp\/v2\/posts"}],"about":[{"href":"https:\/\/www.radiopresidenteibanez.cl\/web\/wp-json\/wp\/v2\/types\/post"}],"author":[{"embeddable":true,"href":"https:\/\/www.radiopresidenteibanez.cl\/web\/wp-json\/wp\/v2\/users\/2"}],"replies":[{"embeddable":true,"href":"https:\/\/www.radiopresidenteibanez.cl\/web\/wp-json\/wp\/v2\/comments?post=32974"}],"version-history":[{"count":0,"href":"https:\/\/www.radiopresidenteibanez.cl\/web\/wp-json\/wp\/v2\/posts\/32974\/revisions"}],"wp:featuredmedia":[{"embeddable":true,"href":"https:\/\/www.radiopresidenteibanez.cl\/web\/wp-json\/wp\/v2\/media\/32975"}],"wp:attachment":[{"href":"https:\/\/www.radiopresidenteibanez.cl\/web\/wp-json\/wp\/v2\/media?parent=32974"}],"wp:term":[{"taxonomy":"category","embeddable":true,"href":"https:\/\/www.radiopresidenteibanez.cl\/web\/wp-json\/wp\/v2\/categories?post=32974"},{"taxonomy":"post_tag","embeddable":true,"href":"https:\/\/www.radiopresidenteibanez.cl\/web\/wp-json\/wp\/v2\/tags?post=32974"}],"curies":[{"name":"wp","href":"https:\/\/api.w.org\/{rel}","templated":true}]}}