{"id":32968,"date":"2022-09-26T10:38:00","date_gmt":"2022-09-26T13:38:00","guid":{"rendered":"https:\/\/www.radiopresidenteibanez.cl\/web\/?p=32968"},"modified":"2022-09-26T10:40:41","modified_gmt":"2022-09-26T13:40:41","slug":"con-gran-cantidad-de-publico-se-realizo-conferencia-eufologicaen-homenaje-a-eugenio-bahamonde-perez","status":"publish","type":"post","link":"https:\/\/www.radiopresidenteibanez.cl\/web\/con-gran-cantidad-de-publico-se-realizo-conferencia-eufologicaen-homenaje-a-eugenio-bahamonde-perez\/","title":{"rendered":"CON GRAN CANTIDAD DE PUBLICO SE REALIZO CONFERENCIA EUFOLOGICA EN HOMENAJE A EUGENIO BAHAMONDE PEREZ"},"content":{"rendered":"\n<p>Con gran cantidad de p\u00fablico, el s\u00e1bado 24 de septiembre pasado se realiz\u00f3 una conferencia ufol\u00f3gica en homenaje a Eugenio Bahamonde P\u00e9rez, el investigador de Magallanes fallecido en agosto del a\u00f1o 2018.<br>En dependencias de la Sociedad de Instrucci\u00f3n Popular (SIP), la agrupaci\u00f3n de investigaci\u00f3n UFO PUQ, rindi\u00f3 un sentido tributo a quien otrora fuese el creador de esta colectividad y gran divulgador de la tem\u00e1tica de los ovnis.<br>Recordemos que la ufolog\u00eda (estudio de los ovnis) comienza en 1947 con el avistamiento de nueve objetos voladores, en los cielos del estado de Washington en Estados Unidos y que estos fen\u00f3menos an\u00f3malos han conmocionado al mundo entero hasta nuestros d\u00edas.<br>\u201cMagallanes es una zona privilegiada y as\u00ed qued\u00f3 reflejado en el primer registro de un fen\u00f3meno a\u00e9reo an\u00f3malo en 1580, descrito por Pedro Sarmiento de Gamboa en su viaje por el Estrecho de Magallanes\u201d se\u00f1al\u00f3 el investigador Rodrigo Bravo Garrido, uno de los principales expositores invitados en este evento.<br>Otro importante hito en la actividad ufol\u00f3gica fue la recepci\u00f3n del nombre Eugenio Bahamonde para la agrupaci\u00f3n UFO PUQ, junto con la entrega de un presente a su hija Sandra Bahamonde, como forma de sellar tan honrosa distinci\u00f3n.<br>El evento cont\u00f3 con el auspicio de galletas \u201cThe Cookie Box\u201d, chocolates \u201c53\u00baSur\u201d, \u201cMeridional Radio\u201d y el patrocinio de la Sociedad de Instrucci\u00f3n Popular, lugar que se ha convertido en un aut\u00e9ntico centro de eventos de difusi\u00f3n de la cultura y las artes.<\/p>\n","protected":false},"excerpt":{"rendered":"<p>Con gran cantidad de p\u00fablico, el s\u00e1bado 24 de septiembre pasado se realiz\u00f3 una conferencia ufol\u00f3gica en homenaje a Eugenio Bahamonde P\u00e9rez, el investigador de Magallanes fallecido en agosto del&#8230; <a class=\"read-more\" href=\"https:\/\/www.radiopresidenteibanez.cl\/web\/con-gran-cantidad-de-publico-se-realizo-conferencia-eufologicaen-homenaje-a-eugenio-bahamonde-perez\/\">Leer m\u00e1s<\/a><\/p>\n","protected":false},"author":2,"featured_media":32969,"comment_status":"closed","ping_status":"closed","sticky":false,"template":"","format":"standard","meta":{"footnotes":""},"categories":[1],"tags":[],"class_list":["post-32968","post","type-post","status-publish","format-standard","has-post-thumbnail","hentry","category-cronica"],"_links":{"self":[{"href":"https:\/\/www.radiopresidenteibanez.cl\/web\/wp-json\/wp\/v2\/posts\/32968","targetHints":{"allow":["GET"]}}],"collection":[{"href":"https:\/\/www.radiopresidenteibanez.cl\/web\/wp-json\/wp\/v2\/posts"}],"about":[{"href":"https:\/\/www.radiopresidenteibanez.cl\/web\/wp-json\/wp\/v2\/types\/post"}],"author":[{"embeddable":true,"href":"https:\/\/www.radiopresidenteibanez.cl\/web\/wp-json\/wp\/v2\/users\/2"}],"replies":[{"embeddable":true,"href":"https:\/\/www.radiopresidenteibanez.cl\/web\/wp-json\/wp\/v2\/comments?post=32968"}],"version-history":[{"count":0,"href":"https:\/\/www.radiopresidenteibanez.cl\/web\/wp-json\/wp\/v2\/posts\/32968\/revisions"}],"wp:featuredmedia":[{"embeddable":true,"href":"https:\/\/www.radiopresidenteibanez.cl\/web\/wp-json\/wp\/v2\/media\/32969"}],"wp:attachment":[{"href":"https:\/\/www.radiopresidenteibanez.cl\/web\/wp-json\/wp\/v2\/media?parent=32968"}],"wp:term":[{"taxonomy":"category","embeddable":true,"href":"https:\/\/www.radiopresidenteibanez.cl\/web\/wp-json\/wp\/v2\/categories?post=32968"},{"taxonomy":"post_tag","embeddable":true,"href":"https:\/\/www.radiopresidenteibanez.cl\/web\/wp-json\/wp\/v2\/tags?post=32968"}],"curies":[{"name":"wp","href":"https:\/\/api.w.org\/{rel}","templated":true}]}}