{"id":32965,"date":"2022-09-26T09:33:00","date_gmt":"2022-09-26T12:33:00","guid":{"rendered":"https:\/\/www.radiopresidenteibanez.cl\/web\/?p=32965"},"modified":"2022-09-26T08:41:39","modified_gmt":"2022-09-26T11:41:39","slug":"hablemos-de-todo-el-chat-que-injuv-pone-a-disposicion-de-los-jovenes","status":"publish","type":"post","link":"https:\/\/www.radiopresidenteibanez.cl\/web\/hablemos-de-todo-el-chat-que-injuv-pone-a-disposicion-de-los-jovenes\/","title":{"rendered":"\u201cHABLEMOS DE TODO\u201d, EL CHAT QUE INJUV PONE A DISPOSICION DE LOS JOVENES"},"content":{"rendered":"\n<p>Como una forma de contener emocionalmente y de forma confidencial a los y las j\u00f3venes del pa\u00eds, el Instituto Nacional de la Juventud (INJUV) cre\u00f3 la plataforma \u201cHablemos de todo\u201d, un chat de atenci\u00f3n psicosocial, a trav\u00e9s del cual los j\u00f3venes podr\u00e1n conversar de forma online, con un equipo de psic\u00f3logos y psic\u00f3logas que entregar\u00e1n informaci\u00f3n y orientar\u00e1n sus inquietudes, con el fin de fortalecer su autocuidado y disminuir factores de riesgo.<\/p>\n\n\n\n<p>Desde INJUV Magallanes, el Director Rodrigo Gonz\u00e1lez Villarroel se\u00f1al\u00f3 que \u201ceste canal de comunicaci\u00f3n en l\u00ednea ser\u00e1 gratuito, confidencial y de f\u00e1cil accesibilidad, desde cualquier dispositivo con acceso a navegaci\u00f3n web. Para garantizar la confidencialidad, los j\u00f3venes se pueden identificar a trav\u00e9s de su nombre o un apodo o alias\u201d.&nbsp;<\/p>\n\n\n\n<p>Respecto a este canal de comunicaci\u00f3n, el Secretario Regional de Desarrollo Social y Familia, Danilo Mimica Mansilla, sostuvo que \u201cuno de los objetivos de nuestro Gobierno es generar un v\u00ednculo m\u00e1s cercano con los j\u00f3venes, tender m\u00e1s puentes y saber escucharlos. Y para ello, hay que utilizar todos los medios que nos ofrece las nuevas tecnolog\u00edas de la informaci\u00f3n. La iniciativa \u201cHablemos de todo\u201d, como lo dice su nombre, es un canal para conversar, sin prejuicios ni estigmas. Los profesionales del chat estar\u00e1n siempre disponibles a escuchar, contener y derivar en caso que se requiera, a las instituciones del \u00e1mbito p\u00fablico y privado, que formen parte de la red de apoyo del INJUV\u201d.<\/p>\n\n\n\n<p>Es relevante se\u00f1alar que el chat de atenci\u00f3n no equivale a una sesi\u00f3n de psicoterapia, sino a una instancia de orientaci\u00f3n inicial. El horario de atenci\u00f3n de esta plataforma es de lunes a viernes, entre las 11:00 y 20:00 horas, excepto feriados y festivos.<\/p>\n","protected":false},"excerpt":{"rendered":"<p>Como una forma de contener emocionalmente y de forma confidencial a los y las j\u00f3venes del pa\u00eds, el Instituto Nacional de la Juventud (INJUV) cre\u00f3 la plataforma \u201cHablemos de todo\u201d,&#8230; <a class=\"read-more\" href=\"https:\/\/www.radiopresidenteibanez.cl\/web\/hablemos-de-todo-el-chat-que-injuv-pone-a-disposicion-de-los-jovenes\/\">Leer m\u00e1s<\/a><\/p>\n","protected":false},"author":2,"featured_media":32966,"comment_status":"closed","ping_status":"closed","sticky":false,"template":"","format":"standard","meta":{"footnotes":""},"categories":[1],"tags":[],"class_list":["post-32965","post","type-post","status-publish","format-standard","has-post-thumbnail","hentry","category-cronica"],"_links":{"self":[{"href":"https:\/\/www.radiopresidenteibanez.cl\/web\/wp-json\/wp\/v2\/posts\/32965","targetHints":{"allow":["GET"]}}],"collection":[{"href":"https:\/\/www.radiopresidenteibanez.cl\/web\/wp-json\/wp\/v2\/posts"}],"about":[{"href":"https:\/\/www.radiopresidenteibanez.cl\/web\/wp-json\/wp\/v2\/types\/post"}],"author":[{"embeddable":true,"href":"https:\/\/www.radiopresidenteibanez.cl\/web\/wp-json\/wp\/v2\/users\/2"}],"replies":[{"embeddable":true,"href":"https:\/\/www.radiopresidenteibanez.cl\/web\/wp-json\/wp\/v2\/comments?post=32965"}],"version-history":[{"count":0,"href":"https:\/\/www.radiopresidenteibanez.cl\/web\/wp-json\/wp\/v2\/posts\/32965\/revisions"}],"wp:featuredmedia":[{"embeddable":true,"href":"https:\/\/www.radiopresidenteibanez.cl\/web\/wp-json\/wp\/v2\/media\/32966"}],"wp:attachment":[{"href":"https:\/\/www.radiopresidenteibanez.cl\/web\/wp-json\/wp\/v2\/media?parent=32965"}],"wp:term":[{"taxonomy":"category","embeddable":true,"href":"https:\/\/www.radiopresidenteibanez.cl\/web\/wp-json\/wp\/v2\/categories?post=32965"},{"taxonomy":"post_tag","embeddable":true,"href":"https:\/\/www.radiopresidenteibanez.cl\/web\/wp-json\/wp\/v2\/tags?post=32965"}],"curies":[{"name":"wp","href":"https:\/\/api.w.org\/{rel}","templated":true}]}}