{"id":32937,"date":"2022-09-23T11:40:00","date_gmt":"2022-09-23T14:40:00","guid":{"rendered":"https:\/\/www.radiopresidenteibanez.cl\/web\/?p=32937"},"modified":"2022-09-23T10:43:14","modified_gmt":"2022-09-23T13:43:14","slug":"club-de-gimnasia-artistica-umag-se-llevo-10-medallas-en-copa-la-serena-2022","status":"publish","type":"post","link":"https:\/\/www.radiopresidenteibanez.cl\/web\/club-de-gimnasia-artistica-umag-se-llevo-10-medallas-en-copa-la-serena-2022\/","title":{"rendered":"Club de Gimnasia Art\u00edstica UMAG se llev\u00f3 10 medallas en Copa La Serena 2022"},"content":{"rendered":"\n<p>Entre los d\u00edas 24 y 28 de agosto, se desarroll\u00f3, con \u00e9xito, el torneo \u201cCopa La Serena 2022\u201d, evento nacional de la Gimnasia Art\u00edstica que re\u00fane, cada a\u00f1o, en la Regi\u00f3n de Coquimbo, a miles de deportistas de diversos lugares del pa\u00eds.<\/p>\n\n\n\n<p>El Club de Gimnasia Art\u00edstica de la Universidad de Magallanes, una vez m\u00e1s se hizo presente en este campeonato y particip\u00f3 con 21 gimnastas, obteniendo destacados resultados en el certamen. Esto porque el equipo universitario se llev\u00f3 10 medallas individuales, 4 de las cuales gan\u00f3 el seleccionado y estudiante de Pedagog\u00eda en Educaci\u00f3n F\u00edsica, Gabriel Mu\u00f1oz. &nbsp;<\/p>\n\n\n\n<p>\u201cFue un camino un tanto dif\u00edcil, emocionalmente dif\u00edcil, pero se logr\u00f3, fue una gran preparaci\u00f3n, estuve con un entrenamiento complementario con el Gimnasio de Musculaci\u00f3n de ac\u00e1 de la UMAG, m\u00e1s entrenamientos t\u00e9cnicos y con eso se logr\u00f3 el objetivo de llegar a tener buenos resultados para la competencia\u201d, se\u00f1al\u00f3 el alumno de cuarto a\u00f1o, quien tambi\u00e9n entrena a los integrantes varones m\u00e1s peque\u00f1os del Club.<\/p>\n\n\n\n<p><strong>\u201cVolvi\u00f3 el nervio\u201d<\/strong><\/p>\n\n\n\n<p>Pese a que los entrenamientos no se detuvieron durante los a\u00f1os m\u00e1s duros de la pandemia, s\u00ed se tornaron dif\u00edciles para las y los gimnastas de la UMAG. Por ello, Erwin Mansilla, profesor y entrenador del Club de Gimnasia de la UMAG, valora a\u00fan m\u00e1s el logro, enfatizando que \u201cel balance es m\u00e1s que positivo; despu\u00e9s de estar dos a\u00f1os sin competencias presenciales y con entrenamientos intermitentes, conseguimos retomar el ritmo de entrenamiento y alcanzar nuestros objetivos\u201d.<\/p>\n\n\n\n<p>\u00bfC\u00f3mo lo hicieron?&nbsp;\u201cPor suerte no paramos en ning\u00fan momento -cuenta Erwin-. En pandemia entrenamos online, se hizo todo lo que se pod\u00eda hacer en esos momentos, as\u00ed que, por ese lado, no tuvimos mucho inconveniente m\u00e1s que el factor psicol\u00f3gico que fue lo que jug\u00f3 m\u00e1s en la planificaci\u00f3n de este a\u00f1o\u201d.<\/p>\n\n\n\n<p>De esta forma, el entrenador reconoce que el confinamiento y la ausencia de torneos hizo que volviera en nervio. \u201cFueron dos a\u00f1os sin competencia entonces se not\u00f3 mucho en cuanto al nervio, porque volvi\u00f3 a ellos, fue como casi empezar de nuevo. Nuestras gimnastas m\u00e1s grandes tienen reci\u00e9n 14 a\u00f1os entonces hay que lidiar un poco m\u00e1s con la parte psicol\u00f3gica que la parte f\u00edsica\u201d, comenta.<\/p>\n\n\n\n<p>El Club de Gimnasia de la Universidad de Magallanes est\u00e1 integrado por m\u00e1s de cien ni\u00f1os, ni\u00f1as, adolescentes y j\u00f3venes que parten en el nivel formativo desde los 4 a\u00f1os de edad. Es comandado por 6 profesores, quienes se distribuyen los grupos para participar en las competencias de la disciplina a nivel nacional.<\/p>\n\n\n\n<p>Este a\u00f1o, el equipo ya se prepara para las siguientes competencias a desarrollarse en noviembre en Concepci\u00f3n y en Santiago. \u00c9sta \u00faltima organizada por la Federaci\u00f3n Nacional Universitaria de Deportes (FENAUDE).<\/p>\n","protected":false},"excerpt":{"rendered":"<p>Entre los d\u00edas 24 y 28 de agosto, se desarroll\u00f3, con \u00e9xito, el torneo \u201cCopa La Serena 2022\u201d, evento nacional de la Gimnasia Art\u00edstica que re\u00fane, cada a\u00f1o, en la&#8230; <a class=\"read-more\" href=\"https:\/\/www.radiopresidenteibanez.cl\/web\/club-de-gimnasia-artistica-umag-se-llevo-10-medallas-en-copa-la-serena-2022\/\">Leer m\u00e1s<\/a><\/p>\n","protected":false},"author":2,"featured_media":32938,"comment_status":"closed","ping_status":"closed","sticky":false,"template":"","format":"standard","meta":{"footnotes":""},"categories":[1],"tags":[],"class_list":["post-32937","post","type-post","status-publish","format-standard","has-post-thumbnail","hentry","category-cronica"],"_links":{"self":[{"href":"https:\/\/www.radiopresidenteibanez.cl\/web\/wp-json\/wp\/v2\/posts\/32937","targetHints":{"allow":["GET"]}}],"collection":[{"href":"https:\/\/www.radiopresidenteibanez.cl\/web\/wp-json\/wp\/v2\/posts"}],"about":[{"href":"https:\/\/www.radiopresidenteibanez.cl\/web\/wp-json\/wp\/v2\/types\/post"}],"author":[{"embeddable":true,"href":"https:\/\/www.radiopresidenteibanez.cl\/web\/wp-json\/wp\/v2\/users\/2"}],"replies":[{"embeddable":true,"href":"https:\/\/www.radiopresidenteibanez.cl\/web\/wp-json\/wp\/v2\/comments?post=32937"}],"version-history":[{"count":0,"href":"https:\/\/www.radiopresidenteibanez.cl\/web\/wp-json\/wp\/v2\/posts\/32937\/revisions"}],"wp:featuredmedia":[{"embeddable":true,"href":"https:\/\/www.radiopresidenteibanez.cl\/web\/wp-json\/wp\/v2\/media\/32938"}],"wp:attachment":[{"href":"https:\/\/www.radiopresidenteibanez.cl\/web\/wp-json\/wp\/v2\/media?parent=32937"}],"wp:term":[{"taxonomy":"category","embeddable":true,"href":"https:\/\/www.radiopresidenteibanez.cl\/web\/wp-json\/wp\/v2\/categories?post=32937"},{"taxonomy":"post_tag","embeddable":true,"href":"https:\/\/www.radiopresidenteibanez.cl\/web\/wp-json\/wp\/v2\/tags?post=32937"}],"curies":[{"name":"wp","href":"https:\/\/api.w.org\/{rel}","templated":true}]}}