{"id":32934,"date":"2022-09-23T10:32:00","date_gmt":"2022-09-23T13:32:00","guid":{"rendered":"https:\/\/www.radiopresidenteibanez.cl\/web\/?p=32934"},"modified":"2022-09-23T09:54:23","modified_gmt":"2022-09-23T12:54:23","slug":"servicio-del-patrimonio-cultural-informa-suspension-de-atencion-a-publicoen-museo-regional-de-magallanes-a-partir-del-lunes-26-de-septiembre","status":"publish","type":"post","link":"https:\/\/www.radiopresidenteibanez.cl\/web\/servicio-del-patrimonio-cultural-informa-suspension-de-atencion-a-publicoen-museo-regional-de-magallanes-a-partir-del-lunes-26-de-septiembre\/","title":{"rendered":"<strong>Servicio del Patrimonio Cultural informa suspensi\u00f3n de atenci\u00f3n a p\u00fablico<\/strong><strong>en&nbsp;Museo Regional de Magallanes a partir del lunes 26 de septiembre<\/strong>"},"content":{"rendered":"\n<p>La Direcci\u00f3n Regional del&nbsp;Servicio del Patrimonio Cultural (Serpat) informa a la comunidad que a partir del pr\u00f3ximo lunes 26&nbsp;de septiembre el Museo Regional de Magallanes suspender\u00e1&nbsp;la atenci\u00f3n de p\u00fablico por motivos de fuerza mayor. La medida que afectar\u00e1 a esta&nbsp;unidad perteneciente al Serpat se mantendr\u00e1 hasta nuevo aviso, pues responde a requerimientos vinculados al funcionamiento del edificio.&nbsp;El director regional del Serpat, Pablo Quercia,&nbsp;expres\u00f3 que \u00abeste&nbsp;cierre moment\u00e1neo del edificio que alberga&nbsp;el Museo&nbsp;Regional de Magallanes&nbsp;se debe a procesos propios de mantenci\u00f3n de los sistemas de funcionamiento del recinto, por lo que hemos&nbsp;tomado las medidas necesarias para&nbsp;reanudar apenas sea posible&nbsp;la atenci\u00f3n de p\u00fablico en este importante punto del circuito tur\u00edstico de nuestra ciudad\u00bb.&nbsp;&nbsp;Por su parte, la directora del Museo Regional de Magallanes, Paola Grendi,&nbsp;agradeci\u00f3 el compromiso del equipo de dicha unidad \u00abpues adem\u00e1s de continuar sus tareas habituales, durante este per\u00edodo apoyar\u00e1n otras iniciativas que encabeza&nbsp;el Serpat&nbsp;y que van&nbsp;en directo beneficio de la comunidad\u00bb.&nbsp;Consultas al correo institucional&nbsp;<a href=\"mailto:museo.magallanes@museoschile.gob.cl\" rel=\"noreferrer noopener\" target=\"_blank\">museo.magallanes@museoschile.gob.cl<\/a>&nbsp;o bien al&nbsp;tel\u00e9fono de contacto 612242049.<\/p>\n","protected":false},"excerpt":{"rendered":"<p>La Direcci\u00f3n Regional del&nbsp;Servicio del Patrimonio Cultural (Serpat) informa a la comunidad que a partir del pr\u00f3ximo lunes 26&nbsp;de septiembre el Museo Regional de Magallanes suspender\u00e1&nbsp;la atenci\u00f3n de p\u00fablico por&#8230; <a class=\"read-more\" href=\"https:\/\/www.radiopresidenteibanez.cl\/web\/servicio-del-patrimonio-cultural-informa-suspension-de-atencion-a-publicoen-museo-regional-de-magallanes-a-partir-del-lunes-26-de-septiembre\/\">Leer m\u00e1s<\/a><\/p>\n","protected":false},"author":2,"featured_media":32935,"comment_status":"closed","ping_status":"closed","sticky":false,"template":"","format":"standard","meta":{"footnotes":""},"categories":[1],"tags":[],"class_list":["post-32934","post","type-post","status-publish","format-standard","has-post-thumbnail","hentry","category-cronica"],"_links":{"self":[{"href":"https:\/\/www.radiopresidenteibanez.cl\/web\/wp-json\/wp\/v2\/posts\/32934","targetHints":{"allow":["GET"]}}],"collection":[{"href":"https:\/\/www.radiopresidenteibanez.cl\/web\/wp-json\/wp\/v2\/posts"}],"about":[{"href":"https:\/\/www.radiopresidenteibanez.cl\/web\/wp-json\/wp\/v2\/types\/post"}],"author":[{"embeddable":true,"href":"https:\/\/www.radiopresidenteibanez.cl\/web\/wp-json\/wp\/v2\/users\/2"}],"replies":[{"embeddable":true,"href":"https:\/\/www.radiopresidenteibanez.cl\/web\/wp-json\/wp\/v2\/comments?post=32934"}],"version-history":[{"count":0,"href":"https:\/\/www.radiopresidenteibanez.cl\/web\/wp-json\/wp\/v2\/posts\/32934\/revisions"}],"wp:featuredmedia":[{"embeddable":true,"href":"https:\/\/www.radiopresidenteibanez.cl\/web\/wp-json\/wp\/v2\/media\/32935"}],"wp:attachment":[{"href":"https:\/\/www.radiopresidenteibanez.cl\/web\/wp-json\/wp\/v2\/media?parent=32934"}],"wp:term":[{"taxonomy":"category","embeddable":true,"href":"https:\/\/www.radiopresidenteibanez.cl\/web\/wp-json\/wp\/v2\/categories?post=32934"},{"taxonomy":"post_tag","embeddable":true,"href":"https:\/\/www.radiopresidenteibanez.cl\/web\/wp-json\/wp\/v2\/tags?post=32934"}],"curies":[{"name":"wp","href":"https:\/\/api.w.org\/{rel}","templated":true}]}}