{"id":32917,"date":"2022-09-22T15:41:10","date_gmt":"2022-09-22T18:41:10","guid":{"rendered":"https:\/\/www.radiopresidenteibanez.cl\/web\/?p=32917"},"modified":"2022-09-22T15:41:18","modified_gmt":"2022-09-22T18:41:18","slug":"mesa-de-capital-humano-en-energia-de-magallanes-pondra-acento-en-fortalecer-el-triangulo-virtuoso-entre-el-sector-publico-la-academia-y-el-mundo-privado","status":"publish","type":"post","link":"https:\/\/www.radiopresidenteibanez.cl\/web\/mesa-de-capital-humano-en-energia-de-magallanes-pondra-acento-en-fortalecer-el-triangulo-virtuoso-entre-el-sector-publico-la-academia-y-el-mundo-privado\/","title":{"rendered":"Mesa de Capital Humano en Energ\u00eda de Magallanes pondr\u00e1 acento en fortalecer el \u201ctri\u00e1ngulo virtuoso\u201d entre el sector p\u00fablico, la academia y el mundo privado"},"content":{"rendered":"\n<p>la Mesa de Capital Humano en Energ\u00eda de Magallanes volvi\u00f3 a sesionar en el marco de la articulaci\u00f3n p\u00fablico-privada que impulsa la instancia, iniciando con la presentaci\u00f3n de la Seremi de Energ\u00eda, Mar\u00eda Luisa Ojeda, sobre los compromisos que se est\u00e1n trabajando en el anexo regional de la Agenda de Energ\u00eda 2022 &#8211; 2026, y en el cual se han establecido metas concretas en materia de educaci\u00f3n, formaci\u00f3n y capacitaci\u00f3n focalizada en grupos de inter\u00e9s.<\/p>\n\n\n\n<p>En la oportunidad, la Seremi Mar\u00eda Luisa Ojeda destac\u00f3 la \u201calta y diversa convocatoria\u201d que concit\u00f3 la Mesa de Capital Humano para el sector energ\u00e9tico, que por primera vez cont\u00f3 con la participaci\u00f3n de empresas de hidr\u00f3geno verde que ya se encuentran trabajando en la regi\u00f3n.<\/p>\n\n\n\n<p>\u201cHoy tuvimos una muy buena respuesta de los actores de la industria energ\u00e9tica de Magallanes, de los servicios p\u00fablicos sectoriales y de la academia, quienes acudieron a nuestro llamado a fortalecer el tri\u00e1ngulo virtuoso del trabajo p\u00fablico-privado-academia, discutiendo sobre el plan de trabajo que guiar\u00e1 los temas de formaci\u00f3n y fortalecimiento de capital humano, relevando los temas de g\u00e9nero, diversidad, pueblos ind\u00edgenas y derechos humanos\u201d, apunt\u00f3. &nbsp;<\/p>\n\n\n\n<p>En este sentido, la titular del ramo valor\u00f3 el compromiso del sector p\u00fablico, de la academia y de las empresas para avanzar en la mejora continua de las capacidades y competencias de los trabajadores del sector en, por ejemplo, implementaci\u00f3n de sistemas de energ\u00edas renovables, generaci\u00f3n distribuida, electromovilidad, energ\u00eda distrital e infraestructura en las ciudades asociadas al nuevo modelo de desarrollo energ\u00e9tico sostenible que propicia el Gobierno del Presidente Gabriel Boric\u201d.<\/p>\n\n\n\n<p>\u201cResulta gratificante y motivador ver la confluencia de todos los actores del mercado energ\u00e9tico, en pos de un objetivo com\u00fan que es contar con m\u00e1s y mejor capital humano en energ\u00eda, pues ello es garant\u00eda de una industria energ\u00e9tica m\u00e1s fuerte y mejor preparada para un entorno tan cambiante como exigente frente a los desaf\u00edos que exige la carbono neutralidad\u201d, sostuvo la Seremi Mar\u00eda Luisa Ojeda.<\/p>\n","protected":false},"excerpt":{"rendered":"<p>la Mesa de Capital Humano en Energ\u00eda de Magallanes volvi\u00f3 a sesionar en el marco de la articulaci\u00f3n p\u00fablico-privada que impulsa la instancia, iniciando con la presentaci\u00f3n de la Seremi&#8230; <a class=\"read-more\" href=\"https:\/\/www.radiopresidenteibanez.cl\/web\/mesa-de-capital-humano-en-energia-de-magallanes-pondra-acento-en-fortalecer-el-triangulo-virtuoso-entre-el-sector-publico-la-academia-y-el-mundo-privado\/\">Leer m\u00e1s<\/a><\/p>\n","protected":false},"author":2,"featured_media":32918,"comment_status":"closed","ping_status":"closed","sticky":false,"template":"","format":"standard","meta":{"footnotes":""},"categories":[1],"tags":[],"class_list":["post-32917","post","type-post","status-publish","format-standard","has-post-thumbnail","hentry","category-cronica"],"_links":{"self":[{"href":"https:\/\/www.radiopresidenteibanez.cl\/web\/wp-json\/wp\/v2\/posts\/32917","targetHints":{"allow":["GET"]}}],"collection":[{"href":"https:\/\/www.radiopresidenteibanez.cl\/web\/wp-json\/wp\/v2\/posts"}],"about":[{"href":"https:\/\/www.radiopresidenteibanez.cl\/web\/wp-json\/wp\/v2\/types\/post"}],"author":[{"embeddable":true,"href":"https:\/\/www.radiopresidenteibanez.cl\/web\/wp-json\/wp\/v2\/users\/2"}],"replies":[{"embeddable":true,"href":"https:\/\/www.radiopresidenteibanez.cl\/web\/wp-json\/wp\/v2\/comments?post=32917"}],"version-history":[{"count":0,"href":"https:\/\/www.radiopresidenteibanez.cl\/web\/wp-json\/wp\/v2\/posts\/32917\/revisions"}],"wp:featuredmedia":[{"embeddable":true,"href":"https:\/\/www.radiopresidenteibanez.cl\/web\/wp-json\/wp\/v2\/media\/32918"}],"wp:attachment":[{"href":"https:\/\/www.radiopresidenteibanez.cl\/web\/wp-json\/wp\/v2\/media?parent=32917"}],"wp:term":[{"taxonomy":"category","embeddable":true,"href":"https:\/\/www.radiopresidenteibanez.cl\/web\/wp-json\/wp\/v2\/categories?post=32917"},{"taxonomy":"post_tag","embeddable":true,"href":"https:\/\/www.radiopresidenteibanez.cl\/web\/wp-json\/wp\/v2\/tags?post=32917"}],"curies":[{"name":"wp","href":"https:\/\/api.w.org\/{rel}","templated":true}]}}