{"id":3290,"date":"2019-04-12T14:44:05","date_gmt":"2019-04-12T14:44:05","guid":{"rendered":"http:\/\/www.radiopresidenteibanez.cl\/web\/?p=3290"},"modified":"2019-04-12T14:44:24","modified_gmt":"2019-04-12T14:44:24","slug":"dia-de-la-educacion-rural-se-conmemoro-con-estudiantes-de-escuela-de-laguna-blanca","status":"publish","type":"post","link":"https:\/\/www.radiopresidenteibanez.cl\/web\/dia-de-la-educacion-rural-se-conmemoro-con-estudiantes-de-escuela-de-laguna-blanca\/","title":{"rendered":"DIA DE LA EDUCACI\u00d3N RURAL SE CONMEMOR\u00d3 CON ESTUDIANTES DE ESCUELA DE LAGUNA BLANCA"},"content":{"rendered":"\n<p>A poco m\u00e1s de 100 kil\u00f3metros de la capital regional se ubica la comuna de Laguna Blanca, y en ella la Escuela Rural Diego Portales de Villa Tehuelches, hasta donde se traslad\u00f3 la Seremi de Educaci\u00f3n, Beatriz S\u00e1nchez Ca\u00f1ete, para entregar personalmente un saludo y reconocimiento, en nombre del Presidente Sebasti\u00e1n Pi\u00f1era, a maestros, asistentes de la educaci\u00f3n, apoderados y a todos aquellos que son parte del proceso educativo de los estudiantes de educaci\u00f3n rural.<\/p>\n\n\n\n<p>La visita fue acompa\u00f1ada por el Alcalde de la comuna, Eleazar Ritter, junto a la Directora del establecimiento Doris Montiel. En la ocasi\u00f3n, las autoridades comunales destacaron la actual matr\u00edcula de la escuela que bordea los 38 estudiantes, agrupados en cinco cursos de educaci\u00f3n b\u00e1sica.<\/p>\n\n\n\n<p>\u201cHoy, y en el marco del natalicio de nuestra poetisa Gabriela Mistral, que origina la celebraci\u00f3n del D\u00eda de la Educaci\u00f3n Rural, hemos querido saludar no s\u00f3lo a esta escuela, sino que extender simb\u00f3licamente, nuestros saludos a las 13 escuelas rurales que se encuentran ubicadas en el resto de la regi\u00f3n\u201d, se\u00f1al\u00f3 Beatriz S\u00e1nchez.<\/p>\n\n\n\n<p>Junto a lo anterior, la autoridad valor\u00f3 la labor que realizan docentes y asistentes de la educaci\u00f3n de las Escuelas rurales de la regi\u00f3n de Magallanes:<\/p>\n\n\n\n<table class=\"wp-block-table\"><tbody><tr><td><strong>ESTABLECIMIENTO<\/strong><\/td><td><strong>COMUNA<\/strong><\/td><\/tr><tr><td>ESCUELA BASICA RURAL SENO OBSTRUCCION<\/td><td>NATALES<\/td><\/tr><tr><td>ESCUELA RURAL CERRO GUIDO<\/td><td>TORRES DEL PAINE<\/td><\/tr><tr><td>ESCUELA PAMPA GUANACO<\/td><td>TIMAUKEL<\/td><\/tr><tr><td>ESC. PROF. MIGUEL S. MONTECINOS C.<\/td><td>NATALES<\/td><\/tr><tr><td>ESC. DE CONCENTRACION FRONTERIZA DOROTEA<\/td><td>NATALES<\/td><\/tr><tr><td>ESC.HOGAR MUN.FRONTERIZA RAMON SERRANO M.<\/td><td>TORRES DEL PAINE<\/td><\/tr><tr><td>ESCUELA DE PUERTO HARRIS<\/td><td>PUNTA ARENAS<\/td><\/tr><tr><td>BERNARDO DE BRUYNE<\/td><td>R\u00cdO VERDE<\/td><\/tr><tr><td>ESCUELA DIEGO PORTALES<\/td><td>LAGUNA BLANCA<\/td><\/tr><tr><td>ESCUELA PUNTA DELGADA<\/td><td>SAN GREGORIO<\/td><\/tr><tr><td>ESCUELA CERRO SOMBRERO<\/td><td>PRIMAVERA<\/td><\/tr><tr><td>ESCUELA IGNACIO CARRERA PINTO<\/td><td>TIMAUKEL<\/td><\/tr><tr><td>ESCUELA PUERTO TORO<\/td><td>CABO DE HORNOS<\/td><\/tr><\/tbody><\/table>\n\n\n\n<p>La Seremi de Educaci\u00f3n adem\u00e1s destac\u00f3 la labor que desarrollan los educadores rurales de Magallanes, \u201cvalorando profundamente el compromiso social que asumen a diario con entusiasmo, para entregar conocimiento en zonas de tan dif\u00edcil geograf\u00eda, todo en pos de mejorar los aprendizajes de calidad y asegurar la continuidad de estudios\u201d, expres\u00f3 la autoridad.<\/p>\n\n\n\n<p><strong>Apoyo de Mineduc para Escuelas Multigrado<\/strong><\/p>\n\n\n\n<p>Dentro del conjunto de escuelas rurales se encuentran las escuelas rurales multigrado. Si bien no constituyen una modalidad espec\u00edfica, estos establecimientos tienen particularidades que la distinguen: son establecimientos en los que al menos uno de sus cursos se encuentra combinado (uni\u00f3n de dos cursos), o es un grupo escolar que se conforma con diferentes cursos de 1\u00ba a 6\u00ba b\u00e1sico y\/o estudiantes de diferentes edades. En total, hay 1.902 escuelas rurales multigrado en el pa\u00eds.<\/p>\n\n\n\n<p>Cabe se\u00f1alar que en Magallanes, los 13 establecimientos educacionales rurales que existen reciben apoyo en estrategias para escuelas rurales multigrado, con m\u00f3dulos did\u00e1cticos impresos especiales para lenguaje y matem\u00e1tica, respondiendo as\u00ed a las singularidades de las escuelas rurales y sus contextos.<\/p>\n\n\n\n<p>En el marco del compromiso del Ministerio de Educaci\u00f3n y el Plan Nacional de Lectura Leo Primero, se est\u00e1 dotando a las escuelas rurales multigrado de textos para complementar sus bibliotecas de aulas y promover en los estudiantes el acercamiento y el gusto por la lectura.<\/p>\n\n\n\n<p>Se realizan seminarios zonales dirigidos a profesores rurales cuyo prop\u00f3sito es resguardar un espacio de reflexi\u00f3n pedag\u00f3gica. Esta instancia es importante porque en la escuela rural multigrado el profesor encargado no tiene pares con los que reflexionar sobre el trabajo docente.<\/p>\n\n\n\n<p>Y gracias a un convenio suscrito con FUCOA (Fundaci\u00f3n de Comunicaciones, Capacitaci\u00f3n y Cultura del Agro)<\/p>\n\n\n\n<p>durante este a\u00f1o se la distribuci\u00f3n de los libros \u201cMe lo Cont\u00f3 mi Abuelito\u201d, que contiene los textos seleccionados y premiados en el concurso 2018.<\/p>\n\n\n\n<figure class=\"wp-block-image\"><img loading=\"lazy\" decoding=\"async\" width=\"1024\" height=\"768\" src=\"https:\/\/www.radiopresidenteibanez.cl\/web\/wp-content\/uploads\/2019\/04\/85e9d938-92ce-4a34-a8ea-81462795a5a7-1024x768.jpg\" alt=\"\" class=\"wp-image-3291\" srcset=\"https:\/\/www.radiopresidenteibanez.cl\/web\/wp-content\/uploads\/2019\/04\/85e9d938-92ce-4a34-a8ea-81462795a5a7-1024x768.jpg 1024w, https:\/\/www.radiopresidenteibanez.cl\/web\/wp-content\/uploads\/2019\/04\/85e9d938-92ce-4a34-a8ea-81462795a5a7-300x225.jpg 300w, https:\/\/www.radiopresidenteibanez.cl\/web\/wp-content\/uploads\/2019\/04\/85e9d938-92ce-4a34-a8ea-81462795a5a7-768x576.jpg 768w, https:\/\/www.radiopresidenteibanez.cl\/web\/wp-content\/uploads\/2019\/04\/85e9d938-92ce-4a34-a8ea-81462795a5a7.jpg 1280w\" sizes=\"auto, (max-width: 1024px) 100vw, 1024px\" \/><\/figure>\n","protected":false},"excerpt":{"rendered":"<p>A poco m\u00e1s de 100 kil\u00f3metros de la capital regional se ubica la comuna de Laguna Blanca, y en ella la Escuela Rural Diego Portales de Villa Tehuelches, hasta donde&#8230; <a class=\"read-more\" href=\"https:\/\/www.radiopresidenteibanez.cl\/web\/dia-de-la-educacion-rural-se-conmemoro-con-estudiantes-de-escuela-de-laguna-blanca\/\">Leer m\u00e1s<\/a><\/p>\n","protected":false},"author":2,"featured_media":3291,"comment_status":"closed","ping_status":"closed","sticky":false,"template":"","format":"standard","meta":{"footnotes":""},"categories":[1],"tags":[],"class_list":["post-3290","post","type-post","status-publish","format-standard","has-post-thumbnail","hentry","category-cronica"],"_links":{"self":[{"href":"https:\/\/www.radiopresidenteibanez.cl\/web\/wp-json\/wp\/v2\/posts\/3290","targetHints":{"allow":["GET"]}}],"collection":[{"href":"https:\/\/www.radiopresidenteibanez.cl\/web\/wp-json\/wp\/v2\/posts"}],"about":[{"href":"https:\/\/www.radiopresidenteibanez.cl\/web\/wp-json\/wp\/v2\/types\/post"}],"author":[{"embeddable":true,"href":"https:\/\/www.radiopresidenteibanez.cl\/web\/wp-json\/wp\/v2\/users\/2"}],"replies":[{"embeddable":true,"href":"https:\/\/www.radiopresidenteibanez.cl\/web\/wp-json\/wp\/v2\/comments?post=3290"}],"version-history":[{"count":0,"href":"https:\/\/www.radiopresidenteibanez.cl\/web\/wp-json\/wp\/v2\/posts\/3290\/revisions"}],"wp:featuredmedia":[{"embeddable":true,"href":"https:\/\/www.radiopresidenteibanez.cl\/web\/wp-json\/wp\/v2\/media\/3291"}],"wp:attachment":[{"href":"https:\/\/www.radiopresidenteibanez.cl\/web\/wp-json\/wp\/v2\/media?parent=3290"}],"wp:term":[{"taxonomy":"category","embeddable":true,"href":"https:\/\/www.radiopresidenteibanez.cl\/web\/wp-json\/wp\/v2\/categories?post=3290"},{"taxonomy":"post_tag","embeddable":true,"href":"https:\/\/www.radiopresidenteibanez.cl\/web\/wp-json\/wp\/v2\/tags?post=3290"}],"curies":[{"name":"wp","href":"https:\/\/api.w.org\/{rel}","templated":true}]}}