{"id":32893,"date":"2022-09-21T15:19:13","date_gmt":"2022-09-21T18:19:13","guid":{"rendered":"https:\/\/www.radiopresidenteibanez.cl\/web\/?p=32893"},"modified":"2022-09-21T15:19:22","modified_gmt":"2022-09-21T18:19:22","slug":"personas-entre-30-y-44-anos-presentan-mayor-tasa-de-ocupacion-en-magallanes-entre-los-meses-de-mayo-a-julio-de-2002","status":"publish","type":"post","link":"https:\/\/www.radiopresidenteibanez.cl\/web\/personas-entre-30-y-44-anos-presentan-mayor-tasa-de-ocupacion-en-magallanes-entre-los-meses-de-mayo-a-julio-de-2002\/","title":{"rendered":"Personas entre 30 y 44 a\u00f1os presentan mayor tasa de ocupaci\u00f3n en Magallanes, entre los meses de mayo a julio de 2002"},"content":{"rendered":"\n<p>Seg\u00fan el Term\u00f3metro Laboral Septiembre del Observatorio Laboral de Sence de la regi\u00f3n de Magallanes y de la Ant\u00e1rtica Chilena que es ejecutado por Inacap, y que recoge datos de la Encuesta Nacional de Empleo (ENE) del Instituto Nacional de Estad\u00edsticas (INE,) la mayor tasa de ocupaci\u00f3n, durante el trimestre m\u00f3vil de mayo a julio de 2022, la presentan las personas de entre 30 y 44 a\u00f1os con un 84%. Le siguen las personas que tienen entre 45 y 59 a\u00f1os con un 78,9%; luego las personas de entre 15 y 29 a\u00f1os con un 48,2%, y finalmente, quienes tienen 60 a\u00f1os a m\u00e1s, con un 34,9 %.<\/p>\n\n\n\n<p>La seremi del Trabajo y Previsi\u00f3n Social, Doris Sandoval explic\u00f3 que \u201ccomo gobierno seguimos empe\u00f1ados en disponer de acciones concretas, que permitan reactivar las alica\u00eddas econom\u00edas locales y con ello favorecer la recuperaci\u00f3n de puestos de trabajo de calidad. Recibimos el aumento de la tasa de ocupaci\u00f3n regional con optimismo responsable y el renovado compromiso de promoci\u00f3n de la formalizaci\u00f3n laboral\u201d.<\/p>\n\n\n\n<p>En tanto, el director subrogante del Observatorio regional, Jornan Huentelic\u00e1n destac\u00f3 el aumento de cifras de empleo:&nbsp;\u201cson cada vez m\u00e1s cercanas a los est\u00e1ndares de ocupaci\u00f3n que exist\u00edan prepandemia, siendo datos alentadores, ya que distan significativamente de los \u00edndices de desempleo e inactividad de los a\u00f1os 2020-2021, y que hoy alcanzan una tasa de ocupaci\u00f3n regional de 62,8% en comparaci\u00f3n al 55% de ocupaci\u00f3n a nivel pa\u00eds\u201d, puntualiz\u00f3.<\/p>\n\n\n\n<p><strong>Ocupaci\u00f3n, informalidad y composici\u00f3n de la fuerza de trabajo.<\/strong><\/p>\n\n\n\n<p>Durante el trimestre m\u00f3vil de mayo-junio-julio de 2022, en Magallanes se registr\u00f3 un aumento de 7.132 personas ocupadas en comparaci\u00f3n al mismo trimestre m\u00f3vil del 2021, dando un total de 93.660 personas ocupadas, correspondiendo a un alza de 4,2 puntos porcentuales (pp.) en la tasa de ocupaci\u00f3n regional.<\/p>\n\n\n\n<p>Respecto a la tasa de ocupaci\u00f3n informal regional esta registr\u00f3 un 18,8%, que equivale a 17.604 personas para el trimestre mayo \u2013 julio 2022. Comparando con el mismo trimestre de 2021, se observa un aumento de 1.682 trabajadores por cuenta propia, mientras que los asalariados privados aumentaron en 3.793 trabajadores en el mismo periodo.<\/p>\n\n\n\n<p>Los grupos ocupacionales que registraron aumentos m\u00e1s significativos fueron el grupo de ocupaciones elementales (+27%) y el grupo de operadores de instalaciones, m\u00e1quinas y ensambladores (+54%).<\/p>\n\n\n\n<p><strong>Desocupaci\u00f3n e Inactividad<\/strong><\/p>\n\n\n\n<p>La desocupaci\u00f3n en la regi\u00f3n de Magallanes, para el trimestre m\u00f3vil mayo \u2013 julio 2022 registra una tasa de 4,9%, y la tasa de inactividad regional para el mismo periodo alcanza el 34%, existiendo una disminuci\u00f3n de 4,1 pp. respecto al mismo trimestre de 2021.<\/p>\n\n\n\n<p><strong>Participaci\u00f3n<\/strong><\/p>\n\n\n\n<p>La tasa de participaci\u00f3n regional registr\u00f3 un 66%, con un aumento de 4,1 pp. en comparaci\u00f3n al trimestre mayo-julio del a\u00f1o 2021.<\/p>\n\n\n\n<p><strong>Horas de Trabajo<\/strong><\/p>\n\n\n\n<p>En cuanto al promedio de horas trabajadas, para el trimestre mayo \u2013 julio 2022 la regi\u00f3n registr\u00f3 un promedio de 41,5 horas habituales de trabajo, y un promedio de 41,4 horas efectivas de trabajo. Adem\u00e1s, en dicho trimestre un 36,4% de los ocupados trabaj\u00f3 45 horas habituales a la semana.<\/p>\n\n\n\n<p>El reporte completo del Term\u00f3metro Laboral Septiembre 2022 se encuentra disponible en el sitio web del Observatorio Laboral:&nbsp;&nbsp;<a href=\"https:\/\/www.observatorionacional.cl\/publicaciones\/2701\" target=\"_blank\" rel=\"noreferrer noopener\">https:\/\/www.observatorionacional.cl\/publicaciones\/2701<\/a><\/p>\n","protected":false},"excerpt":{"rendered":"<p>Seg\u00fan el Term\u00f3metro Laboral Septiembre del Observatorio Laboral de Sence de la regi\u00f3n de Magallanes y de la Ant\u00e1rtica Chilena que es ejecutado por Inacap, y que recoge datos de&#8230; <a class=\"read-more\" href=\"https:\/\/www.radiopresidenteibanez.cl\/web\/personas-entre-30-y-44-anos-presentan-mayor-tasa-de-ocupacion-en-magallanes-entre-los-meses-de-mayo-a-julio-de-2002\/\">Leer m\u00e1s<\/a><\/p>\n","protected":false},"author":2,"featured_media":32894,"comment_status":"closed","ping_status":"closed","sticky":false,"template":"","format":"standard","meta":{"footnotes":""},"categories":[1],"tags":[],"class_list":["post-32893","post","type-post","status-publish","format-standard","has-post-thumbnail","hentry","category-cronica"],"_links":{"self":[{"href":"https:\/\/www.radiopresidenteibanez.cl\/web\/wp-json\/wp\/v2\/posts\/32893","targetHints":{"allow":["GET"]}}],"collection":[{"href":"https:\/\/www.radiopresidenteibanez.cl\/web\/wp-json\/wp\/v2\/posts"}],"about":[{"href":"https:\/\/www.radiopresidenteibanez.cl\/web\/wp-json\/wp\/v2\/types\/post"}],"author":[{"embeddable":true,"href":"https:\/\/www.radiopresidenteibanez.cl\/web\/wp-json\/wp\/v2\/users\/2"}],"replies":[{"embeddable":true,"href":"https:\/\/www.radiopresidenteibanez.cl\/web\/wp-json\/wp\/v2\/comments?post=32893"}],"version-history":[{"count":0,"href":"https:\/\/www.radiopresidenteibanez.cl\/web\/wp-json\/wp\/v2\/posts\/32893\/revisions"}],"wp:featuredmedia":[{"embeddable":true,"href":"https:\/\/www.radiopresidenteibanez.cl\/web\/wp-json\/wp\/v2\/media\/32894"}],"wp:attachment":[{"href":"https:\/\/www.radiopresidenteibanez.cl\/web\/wp-json\/wp\/v2\/media?parent=32893"}],"wp:term":[{"taxonomy":"category","embeddable":true,"href":"https:\/\/www.radiopresidenteibanez.cl\/web\/wp-json\/wp\/v2\/categories?post=32893"},{"taxonomy":"post_tag","embeddable":true,"href":"https:\/\/www.radiopresidenteibanez.cl\/web\/wp-json\/wp\/v2\/tags?post=32893"}],"curies":[{"name":"wp","href":"https:\/\/api.w.org\/{rel}","templated":true}]}}