{"id":32839,"date":"2022-09-19T13:13:55","date_gmt":"2022-09-19T16:13:55","guid":{"rendered":"https:\/\/www.radiopresidenteibanez.cl\/web\/?p=32839"},"modified":"2022-09-19T13:14:03","modified_gmt":"2022-09-19T16:14:03","slug":"comenzaron-los-trabajos-de-reparacion-en-los-edificios-de-archipielago-de-chiloe","status":"publish","type":"post","link":"https:\/\/www.radiopresidenteibanez.cl\/web\/comenzaron-los-trabajos-de-reparacion-en-los-edificios-de-archipielago-de-chiloe\/","title":{"rendered":"COMENZARON LOS TRABAJOS DE REPARACI\u00d3N EN LOS EDIFICIOS DE ARCHIPI\u00c9LAGO DE CHILO\u00c9\u00a0"},"content":{"rendered":"\n<p>El condominio de vivienda social Archipi\u00e9lago de Chilo\u00e9, fue construido en el a\u00f1o 2008, y con 14 a\u00f1os de antig\u00fcedad presenta deterioro en sus espacios comunes interiores, exteriores y sobre todo en la estructura de techo, cubierta y revestimiento de los bloques, lo cual afecta directamente a los residentes y vecinos del sector, sobre todo en el invierno.&nbsp;&nbsp;<\/p>\n\n\n\n<p>Es por ello que en el a\u00f1o 2018, luego de un incidente, producto de fuertes r\u00e1fagas de viento que produjo desprendimiento de parte del revestimiento de algunos bloques, la Municipalidad de Punta Arenas realiz\u00f3 algunas reparaciones de emergencia, activando de inmediato las alertas a las autoridades correspondientes.&nbsp;<\/p>\n\n\n\n<p>Hoy, cerca de 4 a\u00f1os despu\u00e9s y luego de las gestiones realizadas desde el municipio con las autoridades del Ministerio de Vivienda y Urbanismo, comenzaron los trabajos de reparaci\u00f3n de los 7 edificios del condominio Archipi\u00e9lago de Chilo\u00e9, que beneficiar\u00e1 a 224 familias que hoy viven en dicho lugar.&nbsp;<\/p>\n\n\n\n<p>\u201cHa sido un gran trabajo de los vecinos de ac\u00e1 en Archipi\u00e9lago de Chilo\u00e9, porque fue un esfuerzo gigante de forma permanente y constante, porque no olviden que hubo problemas con el financiamiento y luego con la empresa, as\u00ed que estamos muy contentos por ver como se empiezan a ver los frutos de este requerimiento para el arreglo y reparaci\u00f3n de la techumbre y revestimiento de los edificios\u201d, expres\u00f3 el Alcalde Radonich.&nbsp;<\/p>\n\n\n\n<p>La inversi\u00f3n por parte del Ministerio de Vivienda y Urbanismo es cercana a los mil 600 millones de pesos aproximadamente (48.944 UF), correspondientes al Programa de Mejoramiento de Viviendas y Barrios (DS27), a lo cual se suma el aporte municipal, que entrega 1,5 UF por familia, alcanzando poco m\u00e1s de 11 millones de pesos entregados para tales efectos, permitiendo as\u00ed que los vecinos no gasten recursos propios para los arreglos.&nbsp;<\/p>\n\n\n\n<p>\u201cEs una inversi\u00f3n que alcanza los mil 600 millones, gestionados por el Ministerio de Vivienda de la \u00e9poca, con el apoyo del ex ministro Felipe Ward, y es importante que pueda continuar y tener toda la obra entregada el pr\u00f3ximo a\u00f1o, ya que los vecinos que lo han pasado muy mal todos estos a\u00f1os\u201d, agreg\u00f3 el jefe comunal.&nbsp;<\/p>\n\n\n\n<p>Bernardita Guti\u00e9rrez, vecina del sector y principal gestora de que los trabajos se concretaran, manifest\u00f3 su alegr\u00eda por el inicio de las obras y dijo: \u201cEstamos muy contentos de que ya est\u00e9n trabajando. Para empezar, se arreglar\u00e1 la techumbre, que es el cambio m\u00e1s importante que habr\u00e1, lo cual se suma al revestimiento, que es un alivio para todas las personas que vivimos y habitamos los 7 edificios ubicados aqu\u00ed\u201d.&nbsp;<\/p>\n","protected":false},"excerpt":{"rendered":"<p>El condominio de vivienda social Archipi\u00e9lago de Chilo\u00e9, fue construido en el a\u00f1o 2008, y con 14 a\u00f1os de antig\u00fcedad presenta deterioro en sus espacios comunes interiores, exteriores y sobre&#8230; <a class=\"read-more\" href=\"https:\/\/www.radiopresidenteibanez.cl\/web\/comenzaron-los-trabajos-de-reparacion-en-los-edificios-de-archipielago-de-chiloe\/\">Leer m\u00e1s<\/a><\/p>\n","protected":false},"author":2,"featured_media":32840,"comment_status":"closed","ping_status":"closed","sticky":false,"template":"","format":"standard","meta":{"footnotes":""},"categories":[1],"tags":[],"class_list":["post-32839","post","type-post","status-publish","format-standard","has-post-thumbnail","hentry","category-cronica"],"_links":{"self":[{"href":"https:\/\/www.radiopresidenteibanez.cl\/web\/wp-json\/wp\/v2\/posts\/32839","targetHints":{"allow":["GET"]}}],"collection":[{"href":"https:\/\/www.radiopresidenteibanez.cl\/web\/wp-json\/wp\/v2\/posts"}],"about":[{"href":"https:\/\/www.radiopresidenteibanez.cl\/web\/wp-json\/wp\/v2\/types\/post"}],"author":[{"embeddable":true,"href":"https:\/\/www.radiopresidenteibanez.cl\/web\/wp-json\/wp\/v2\/users\/2"}],"replies":[{"embeddable":true,"href":"https:\/\/www.radiopresidenteibanez.cl\/web\/wp-json\/wp\/v2\/comments?post=32839"}],"version-history":[{"count":0,"href":"https:\/\/www.radiopresidenteibanez.cl\/web\/wp-json\/wp\/v2\/posts\/32839\/revisions"}],"wp:featuredmedia":[{"embeddable":true,"href":"https:\/\/www.radiopresidenteibanez.cl\/web\/wp-json\/wp\/v2\/media\/32840"}],"wp:attachment":[{"href":"https:\/\/www.radiopresidenteibanez.cl\/web\/wp-json\/wp\/v2\/media?parent=32839"}],"wp:term":[{"taxonomy":"category","embeddable":true,"href":"https:\/\/www.radiopresidenteibanez.cl\/web\/wp-json\/wp\/v2\/categories?post=32839"},{"taxonomy":"post_tag","embeddable":true,"href":"https:\/\/www.radiopresidenteibanez.cl\/web\/wp-json\/wp\/v2\/tags?post=32839"}],"curies":[{"name":"wp","href":"https:\/\/api.w.org\/{rel}","templated":true}]}}