{"id":32835,"date":"2022-09-16T18:31:23","date_gmt":"2022-09-16T21:31:23","guid":{"rendered":"https:\/\/www.radiopresidenteibanez.cl\/web\/?p=32835"},"modified":"2022-09-16T18:31:32","modified_gmt":"2022-09-16T21:31:32","slug":"cantar-familiar-cristiano","status":"publish","type":"post","link":"https:\/\/www.radiopresidenteibanez.cl\/web\/cantar-familiar-cristiano\/","title":{"rendered":"CANTAR FAMILIAR CRISTIANO"},"content":{"rendered":"\n<p>Este sabado se realizara III cantar familiar cristiano desde las 19:00 horas en la iglesia del se\u00f1or Apost\u00f3lica, ubicada en Isla de Pascua 878 poblaci\u00f3n el Pinguino<\/p>\n","protected":false},"excerpt":{"rendered":"<p>Este sabado se realizara III cantar familiar cristiano desde las 19:00 horas en la iglesia del se\u00f1or Apost\u00f3lica, ubicada en Isla de Pascua 878 poblaci\u00f3n el Pinguino<\/p>\n","protected":false},"author":2,"featured_media":32836,"comment_status":"closed","ping_status":"closed","sticky":false,"template":"","format":"standard","meta":{"footnotes":""},"categories":[1],"tags":[],"class_list":["post-32835","post","type-post","status-publish","format-standard","has-post-thumbnail","hentry","category-cronica"],"_links":{"self":[{"href":"https:\/\/www.radiopresidenteibanez.cl\/web\/wp-json\/wp\/v2\/posts\/32835","targetHints":{"allow":["GET"]}}],"collection":[{"href":"https:\/\/www.radiopresidenteibanez.cl\/web\/wp-json\/wp\/v2\/posts"}],"about":[{"href":"https:\/\/www.radiopresidenteibanez.cl\/web\/wp-json\/wp\/v2\/types\/post"}],"author":[{"embeddable":true,"href":"https:\/\/www.radiopresidenteibanez.cl\/web\/wp-json\/wp\/v2\/users\/2"}],"replies":[{"embeddable":true,"href":"https:\/\/www.radiopresidenteibanez.cl\/web\/wp-json\/wp\/v2\/comments?post=32835"}],"version-history":[{"count":0,"href":"https:\/\/www.radiopresidenteibanez.cl\/web\/wp-json\/wp\/v2\/posts\/32835\/revisions"}],"wp:featuredmedia":[{"embeddable":true,"href":"https:\/\/www.radiopresidenteibanez.cl\/web\/wp-json\/wp\/v2\/media\/32836"}],"wp:attachment":[{"href":"https:\/\/www.radiopresidenteibanez.cl\/web\/wp-json\/wp\/v2\/media?parent=32835"}],"wp:term":[{"taxonomy":"category","embeddable":true,"href":"https:\/\/www.radiopresidenteibanez.cl\/web\/wp-json\/wp\/v2\/categories?post=32835"},{"taxonomy":"post_tag","embeddable":true,"href":"https:\/\/www.radiopresidenteibanez.cl\/web\/wp-json\/wp\/v2\/tags?post=32835"}],"curies":[{"name":"wp","href":"https:\/\/api.w.org\/{rel}","templated":true}]}}