{"id":32832,"date":"2022-09-16T16:57:00","date_gmt":"2022-09-16T19:57:00","guid":{"rendered":"https:\/\/www.radiopresidenteibanez.cl\/web\/?p=32832"},"modified":"2022-09-16T18:27:13","modified_gmt":"2022-09-16T21:27:13","slug":"taller-de-cueca-corazon-austral-se-presento-en-casa-de-reposo-un-nuevo-amanecer","status":"publish","type":"post","link":"https:\/\/www.radiopresidenteibanez.cl\/web\/taller-de-cueca-corazon-austral-se-presento-en-casa-de-reposo-un-nuevo-amanecer\/","title":{"rendered":"TALLER DE CUECA CORAZON AUSTRAL SE PRESENTO EN CASA DE REPOSO \u00abUN NUEVO AMANECER\u00bb"},"content":{"rendered":"\n<p>El taller de cueca coraz\u00f3n austral quien les bailo cueca a nuestros abuelitos y personal de la casa de reposo un nuevo amanecer y tambi\u00e9n contamos con la grata presencia de nuestro alcalde Claudio radononich el cual se mostr\u00f3 muy contento por la presentaci\u00f3n para nuestros adultos mayores<\/p>\n","protected":false},"excerpt":{"rendered":"<p>El taller de cueca coraz\u00f3n austral quien les bailo cueca a nuestros abuelitos y personal de la casa de reposo un nuevo amanecer y tambi\u00e9n contamos con la grata presencia&#8230; <a class=\"read-more\" href=\"https:\/\/www.radiopresidenteibanez.cl\/web\/taller-de-cueca-corazon-austral-se-presento-en-casa-de-reposo-un-nuevo-amanecer\/\">Leer m\u00e1s<\/a><\/p>\n","protected":false},"author":2,"featured_media":32833,"comment_status":"closed","ping_status":"closed","sticky":false,"template":"","format":"standard","meta":{"footnotes":""},"categories":[1],"tags":[],"class_list":["post-32832","post","type-post","status-publish","format-standard","has-post-thumbnail","hentry","category-cronica"],"_links":{"self":[{"href":"https:\/\/www.radiopresidenteibanez.cl\/web\/wp-json\/wp\/v2\/posts\/32832","targetHints":{"allow":["GET"]}}],"collection":[{"href":"https:\/\/www.radiopresidenteibanez.cl\/web\/wp-json\/wp\/v2\/posts"}],"about":[{"href":"https:\/\/www.radiopresidenteibanez.cl\/web\/wp-json\/wp\/v2\/types\/post"}],"author":[{"embeddable":true,"href":"https:\/\/www.radiopresidenteibanez.cl\/web\/wp-json\/wp\/v2\/users\/2"}],"replies":[{"embeddable":true,"href":"https:\/\/www.radiopresidenteibanez.cl\/web\/wp-json\/wp\/v2\/comments?post=32832"}],"version-history":[{"count":0,"href":"https:\/\/www.radiopresidenteibanez.cl\/web\/wp-json\/wp\/v2\/posts\/32832\/revisions"}],"wp:featuredmedia":[{"embeddable":true,"href":"https:\/\/www.radiopresidenteibanez.cl\/web\/wp-json\/wp\/v2\/media\/32833"}],"wp:attachment":[{"href":"https:\/\/www.radiopresidenteibanez.cl\/web\/wp-json\/wp\/v2\/media?parent=32832"}],"wp:term":[{"taxonomy":"category","embeddable":true,"href":"https:\/\/www.radiopresidenteibanez.cl\/web\/wp-json\/wp\/v2\/categories?post=32832"},{"taxonomy":"post_tag","embeddable":true,"href":"https:\/\/www.radiopresidenteibanez.cl\/web\/wp-json\/wp\/v2\/tags?post=32832"}],"curies":[{"name":"wp","href":"https:\/\/api.w.org\/{rel}","templated":true}]}}