{"id":32823,"date":"2022-09-16T11:11:00","date_gmt":"2022-09-16T14:11:00","guid":{"rendered":"https:\/\/www.radiopresidenteibanez.cl\/web\/?p=32823"},"modified":"2022-09-16T18:15:06","modified_gmt":"2022-09-16T21:15:06","slug":"jardines-integra-celebran-fiestas-patrias-con-foclore-gastronomia-y-juegos-tipicos-en-familia","status":"publish","type":"post","link":"https:\/\/www.radiopresidenteibanez.cl\/web\/jardines-integra-celebran-fiestas-patrias-con-foclore-gastronomia-y-juegos-tipicos-en-familia\/","title":{"rendered":"JARD\u00cdNES INTEGRA CELEBRAN FIESTAS PATRIAS CON FOCLORE, GASTRONOM\u00cdA Y JUEGOS T\u00cdPICOS EN FAMILIA"},"content":{"rendered":"\n<p>Un despliegue de cultura, floclore y alegr\u00eda llen\u00f3 los jardines de Fundaci\u00f3n Integra en toda la regi\u00f3n, conmemorando las Fiesta Patrias chilenas e involucrando activamente a las familias en la elaboraci\u00f3n de comidas, bailes y juegos t\u00edpicos para convivir junto a sus hijos y los equipos educativos.<\/p>\n\n\n\n<p>En Punta Arenas, Puerto Natales y Porvenir, las tradiciones y festividades dieciocheras se tomaron los once jardines infantiles y salas cuna de la fundaci\u00f3n, con muestras gastron\u00f3micas, n\u00fameros art\u00edsticos, juegos t\u00edpicos y esquinazos, teniendo como principales protagonistas a ni\u00f1os y ni\u00f1as, y sus familias, quienes fueron parte fundamental para las actividades de este a\u00f1o.<\/p>\n\n\n\n<p>El director regional de Fundaci\u00f3n Integra, Alan Carrasco Concha, destac\u00f3 el gran nivel de preparaci\u00f3n, compromiso y dedicaci\u00f3n de las puestas en escena de cada comunidad educativa, y se\u00f1al\u00f3 que \u201cestas actividades dan sentido al trabajo que se realiza todos los d\u00edas en nuestros jardines, y ver la cohesi\u00f3n entre familias y equipos para entregar experiencias significativas de aprendizaje a sus hijos e hijas, nos reafirma lo valiosa que es esta etapa en el desarrollo de ni\u00f1os y ni\u00f1as y el rol fundamental de las familias como primer educador\u201d.<\/p>\n\n\n\n<p>Integra pertenece a la Red de Fundaciones de la Presidencia de la Rep\u00fablica. Con m\u00e1s de 31 a\u00f1os de experiencia, es la red m\u00e1s grande de salas cuna y jardines infantiles del pa\u00eds con m\u00e1s de 1.200 establecimientos gratuitos, a los que asisten m\u00e1s de 90 mil ni\u00f1os y ni\u00f1as en todo Chile.<\/p>\n","protected":false},"excerpt":{"rendered":"<p>Un despliegue de cultura, floclore y alegr\u00eda llen\u00f3 los jardines de Fundaci\u00f3n Integra en toda la regi\u00f3n, conmemorando las Fiesta Patrias chilenas e involucrando activamente a las familias en la&#8230; <a class=\"read-more\" href=\"https:\/\/www.radiopresidenteibanez.cl\/web\/jardines-integra-celebran-fiestas-patrias-con-foclore-gastronomia-y-juegos-tipicos-en-familia\/\">Leer m\u00e1s<\/a><\/p>\n","protected":false},"author":2,"featured_media":32824,"comment_status":"closed","ping_status":"closed","sticky":false,"template":"","format":"standard","meta":{"footnotes":""},"categories":[1],"tags":[],"class_list":["post-32823","post","type-post","status-publish","format-standard","has-post-thumbnail","hentry","category-cronica"],"_links":{"self":[{"href":"https:\/\/www.radiopresidenteibanez.cl\/web\/wp-json\/wp\/v2\/posts\/32823","targetHints":{"allow":["GET"]}}],"collection":[{"href":"https:\/\/www.radiopresidenteibanez.cl\/web\/wp-json\/wp\/v2\/posts"}],"about":[{"href":"https:\/\/www.radiopresidenteibanez.cl\/web\/wp-json\/wp\/v2\/types\/post"}],"author":[{"embeddable":true,"href":"https:\/\/www.radiopresidenteibanez.cl\/web\/wp-json\/wp\/v2\/users\/2"}],"replies":[{"embeddable":true,"href":"https:\/\/www.radiopresidenteibanez.cl\/web\/wp-json\/wp\/v2\/comments?post=32823"}],"version-history":[{"count":0,"href":"https:\/\/www.radiopresidenteibanez.cl\/web\/wp-json\/wp\/v2\/posts\/32823\/revisions"}],"wp:featuredmedia":[{"embeddable":true,"href":"https:\/\/www.radiopresidenteibanez.cl\/web\/wp-json\/wp\/v2\/media\/32824"}],"wp:attachment":[{"href":"https:\/\/www.radiopresidenteibanez.cl\/web\/wp-json\/wp\/v2\/media?parent=32823"}],"wp:term":[{"taxonomy":"category","embeddable":true,"href":"https:\/\/www.radiopresidenteibanez.cl\/web\/wp-json\/wp\/v2\/categories?post=32823"},{"taxonomy":"post_tag","embeddable":true,"href":"https:\/\/www.radiopresidenteibanez.cl\/web\/wp-json\/wp\/v2\/tags?post=32823"}],"curies":[{"name":"wp","href":"https:\/\/api.w.org\/{rel}","templated":true}]}}