{"id":32817,"date":"2022-09-15T19:23:00","date_gmt":"2022-09-15T22:23:00","guid":{"rendered":"https:\/\/www.radiopresidenteibanez.cl\/web\/?p=32817"},"modified":"2022-09-15T10:58:14","modified_gmt":"2022-09-15T13:58:14","slug":"seremi-de-trabajo-difundio-en-locales-comerciales-la-normativa-respecto-de-los-feeriados-irrenunciables-de-fiestas-patrias","status":"publish","type":"post","link":"https:\/\/www.radiopresidenteibanez.cl\/web\/seremi-de-trabajo-difundio-en-locales-comerciales-la-normativa-respecto-de-los-feeriados-irrenunciables-de-fiestas-patrias\/","title":{"rendered":"SEREMI DE TRABAJO DIFUNDIO EN LOCALES COMERCIALES LA NORMATIVA RESPECTO DE LOS FEERIADOS IRRENUNCIABLES DE FIESTAS PATRIAS"},"content":{"rendered":"\n<p>Con un recorrido que inici\u00f3 en la galer\u00eda Palace y culmin\u00f3 en los locales comerciales de calle Bories, la seremi del Trabajo y Previsi\u00f3n Social, Doris Sandoval Miranda, acompa\u00f1ada por la Direcci\u00f3n Regional del Trabajo y el equipo del Instituto de Seguridad Laboral, conversaron con locatarios y trabajadores de los locales comerciales del centro de Punta Arenas, para informarles acerca de la normativa vigente respecto del feriado obligatorio e irrenunciable que rige para los d\u00edas 18 y 19 de septiembre, espec\u00edficamente para los y las trabajadoras del comercio; como tambi\u00e9n, para concientizar sobre seguridad y medidas preventivas en el trabajo.<\/p>\n\n\n\n<p>&nbsp;\u201cEstamos interesados e interesadas en que estas sean unas Fiestas Patrias seguras y con un respeto irrestricto a la normativa laboral. Que de no ser as\u00ed, quienes no cumplan esta normativa, arriesgan multas que van desde las 5 a las 20 UTM por cada trabajador o trabajadora respecto de la cual se incumpla su descanso obligatorio irrenunciable. Adem\u00e1s de la multa se procede al cierre del local, por lo que no tiene sentido iniciar nuestras fiestas de esa manera. As\u00ed que estamos abogando por prevenci\u00f3n, por educaci\u00f3n y por eso hemos venido a entregar esta folleter\u00eda\u201d, explic\u00f3 la seremi del Trabajo y Previsi\u00f3n Social.<\/p>\n\n\n\n<p>Los d\u00edas 18 y 19 de septiembre son feriados obligatorios e irrenunciables dispuestos por la ley 19.973 para todos los trabajadores y trabajadoras del comercio, incluidos quienes se desempe\u00f1an en las denominadas \u201ctiendas de conveniencia\u201d que funcionan adosadas a los servicentros, en la medida que la actividad que estas realicen se limite a la venta de productos y mercader\u00edas y no alimentos preparados all\u00ed mismo.<\/p>\n\n\n\n<p>Este a\u00f1o adem\u00e1s de los feriados irrenunciables del 18 y 19, se suma un nuevo d\u00eda feriado para el d\u00eda 16 de septiembre que, sin embargo, \u201cno forma parte de los feriados irrenunciables del comercio. Por lo tanto, es un d\u00eda festivo, pero para todas las empresas que tienen jornada de lunes a domingo, pueden laborar en forma normal\u201d, detall\u00f3 el director regional del Trabajo (s), Ren\u00e9 Z\u00fa\u00f1iga.<\/p>\n\n\n\n<p>Quien tambi\u00e9n agreg\u00f3 que durante este fin de semana de Fiestas Patrias se desplegar\u00e1n por la regi\u00f3n para asegurar que se cumpla la norma. \u201cVamos a tener equipos en las tres provincias que van a estar de turno ante cualquier denuncia que pueda surgir. Los trabajadores podr\u00e1n ingresar estas denuncias en un banner especial que se va a habilitar en la p\u00e1gina <a href=\"http:\/\/www.dt.gob.cl\">www.dt.gob.cl<\/a>. Hist\u00f3ricamente estos feriados irrenunciables son de baja infraccionalidad, as\u00ed que esperamos que esto se repita y que a los empleadores les vaya bien, pero los d\u00edas de feriados deben estar cerrados sus locales\u201d, agreg\u00f3 el director (s).<\/p>\n\n\n\n<p>Durante estas Fiestas Patrias el descanso de los trabajadores y trabajadoras deber\u00e1 comenzar a las 21:00 horas del d\u00eda s\u00e1bado 17 de septiembre y finalizar a las 06:00 horas del martes 20 de septiembre, salvo las alteraciones horarias con motivo de la rotaci\u00f3n de los turnos, cuando podr\u00e1n prestar servicios entre las 21:00 y 24:00 horas del s\u00e1bado 17 de septiembre o entre las 0:00 y las 6:00 horas del martes 20 de septiembre.<\/p>\n\n\n\n<p>Est\u00e1n exceptuados de este feriado los trabajadores y trabajadoras que se desempe\u00f1an en clubes, restaurantes, establecimientos de entretenimiento, tales como cines, espect\u00e1culos en vivo, discotecas, pub, cabarets, locales comerciales en los aer\u00f3dromos civiles p\u00fablicos y aeropuertos, casinos de juego y otros lugares de juego legalmente autorizados, farmacias de urgencias y de turno definidas por la autoridad, expendios combustibles y las llamadas \u201ctiendas de conveniencia\u201d adosadas a los servicentros si venden alimentos preparados all\u00ed mismo.<\/p>\n\n\n\n<p>Para quienes no cumplan esta norma se expone multas de, en el caso de la microempresa (1 a 9 trabajadores\/as) y peque\u00f1a empresa (10 a 49 trabajadores), 5 UTM ($297.975); la mediana empresa (50 a 199 trabajadores\/as), 10 UTM ($595.950) y la gran empresa (200 y m\u00e1s), 20 UTM ($1.191.900).<\/p>\n\n\n\n<p>Las multas aplican por cada trabajador y\/o trabajadora que se encuentre en el lugar incumpliendo la normativa de feriados obligatorios e irrenunciables. Para realizar denuncias, adem\u00e1s de la p\u00e1gina de la DT, se encuentra disponible una l\u00ednea telef\u00f3nica: 600 450 4000.<\/p>\n","protected":false},"excerpt":{"rendered":"<p>Con un recorrido que inici\u00f3 en la galer\u00eda Palace y culmin\u00f3 en los locales comerciales de calle Bories, la seremi del Trabajo y Previsi\u00f3n Social, Doris Sandoval Miranda, acompa\u00f1ada por&#8230; <a class=\"read-more\" href=\"https:\/\/www.radiopresidenteibanez.cl\/web\/seremi-de-trabajo-difundio-en-locales-comerciales-la-normativa-respecto-de-los-feeriados-irrenunciables-de-fiestas-patrias\/\">Leer m\u00e1s<\/a><\/p>\n","protected":false},"author":2,"featured_media":32818,"comment_status":"closed","ping_status":"closed","sticky":false,"template":"","format":"standard","meta":{"footnotes":""},"categories":[1],"tags":[],"class_list":["post-32817","post","type-post","status-publish","format-standard","has-post-thumbnail","hentry","category-cronica"],"_links":{"self":[{"href":"https:\/\/www.radiopresidenteibanez.cl\/web\/wp-json\/wp\/v2\/posts\/32817","targetHints":{"allow":["GET"]}}],"collection":[{"href":"https:\/\/www.radiopresidenteibanez.cl\/web\/wp-json\/wp\/v2\/posts"}],"about":[{"href":"https:\/\/www.radiopresidenteibanez.cl\/web\/wp-json\/wp\/v2\/types\/post"}],"author":[{"embeddable":true,"href":"https:\/\/www.radiopresidenteibanez.cl\/web\/wp-json\/wp\/v2\/users\/2"}],"replies":[{"embeddable":true,"href":"https:\/\/www.radiopresidenteibanez.cl\/web\/wp-json\/wp\/v2\/comments?post=32817"}],"version-history":[{"count":0,"href":"https:\/\/www.radiopresidenteibanez.cl\/web\/wp-json\/wp\/v2\/posts\/32817\/revisions"}],"wp:featuredmedia":[{"embeddable":true,"href":"https:\/\/www.radiopresidenteibanez.cl\/web\/wp-json\/wp\/v2\/media\/32818"}],"wp:attachment":[{"href":"https:\/\/www.radiopresidenteibanez.cl\/web\/wp-json\/wp\/v2\/media?parent=32817"}],"wp:term":[{"taxonomy":"category","embeddable":true,"href":"https:\/\/www.radiopresidenteibanez.cl\/web\/wp-json\/wp\/v2\/categories?post=32817"},{"taxonomy":"post_tag","embeddable":true,"href":"https:\/\/www.radiopresidenteibanez.cl\/web\/wp-json\/wp\/v2\/tags?post=32817"}],"curies":[{"name":"wp","href":"https:\/\/api.w.org\/{rel}","templated":true}]}}