{"id":32779,"date":"2022-09-14T14:04:00","date_gmt":"2022-09-14T17:04:00","guid":{"rendered":"https:\/\/www.radiopresidenteibanez.cl\/web\/?p=32779"},"modified":"2022-09-14T11:06:00","modified_gmt":"2022-09-14T14:06:00","slug":"destacan-servicio-en-linea-del-registro-civil-para-renovar-cedula-de-identidad","status":"publish","type":"post","link":"https:\/\/www.radiopresidenteibanez.cl\/web\/destacan-servicio-en-linea-del-registro-civil-para-renovar-cedula-de-identidad\/","title":{"rendered":"DESTACAN SERVICIO EN L\u00cdNEA DEL REGISTRO CIVIL PARA RENOVAR CEDULA DE IDENTIDAD"},"content":{"rendered":"\n<p>As\u00ed lo destacaron esta ma\u00f1ana la Seremi de Justicia y Derechos Humanos, Michelle Peutat Alvarado, y el Director Regional del Registro Civil, Mauricio Pe\u00f1a y Lillo Correa, al dar a conocer detalles sobre el nuevo aplicativo que permitir\u00e1 renovar documentos de identidad en l\u00ednea en el sitio web del servicio (<a href=\"http:\/\/www.registrocivil.cl\">www.registrocivil.cl<\/a>). Estos deber\u00e1n estar vencidos, debiendo adem\u00e1s el titular haber tenido m\u00e1s de 16 a\u00f1os en la \u00faltima solicitud y regir\u00e1 para c\u00e9dulas con fecha de emisi\u00f3n m\u00e1xima de ocho a\u00f1os.<\/p>\n\n\n\n<p>La Seremi Michelle Peutat resalt\u00f3 que este nuevo tr\u00e1mite implementado por el Registro Civil en conjunto con el Ministerio de Justicia, se enmarca en el proceso de modernizaci\u00f3n del servicio, y permite renovar la c\u00e9dula de identidad vencida a trav\u00e9s de Internet, en forma r\u00e1pida, f\u00e1cil y segura, s\u00f3lo con la Clave \u00danica y sin necesidad de agendamiento previo. La persona s\u00f3lo deber\u00e1 acudir hasta las oficinas para el retiro de su nueva c\u00e9dula, destacando el poder brindar de esta manera una soluci\u00f3n a quienes se vieron aquejados por la pandemia, y llegando tambi\u00e9n a aquellas personas con dificultades de desplazamiento y movilidad reducida.<\/p>\n\n\n\n<p>Por su parte, el Director Mauricio Pe\u00f1a y Lillo explic\u00f3 que esta solicitud de renovaci\u00f3n en l\u00ednea incorpora la fotograf\u00eda, firma e impresiones dactilares que se registran de la \u00faltima renovaci\u00f3n de c\u00e9dula realizada por la persona. Solo cambia el n\u00famero de documento. Esta c\u00e9dula de identidad tendr\u00e1 una vigencia de tres a\u00f1os. El pago ($ 3.820) ser\u00e1 en l\u00ednea, al momento de la solicitud en el aplicativo, y la persona podr\u00e1 ir a retirarla en ocho d\u00edas h\u00e1biles. Lo anterior ser\u00e1 informado por correo electr\u00f3nico.<\/p>\n\n\n\n<p>El profesional destac\u00f3 este nuevo avance que se suma a una serie de medidas implementadas con el prop\u00f3sito de descongestionar las oficinas del Registro Civil. Record\u00f3 que en su momento hab\u00edan detectado 30 mil c\u00e9dulas vencidas a nivel regional, cifra que ya ha bajado a la mitad. Al respecto, valor\u00f3 el tener actualmente horas agendadas, al redundar en un beneficio para las o los usuarios como para sus funcionarios (as), pues <em>\u201cayuda a ordenar el sistema, ya que no se aprecian aglomeraciones al interior, hay cierto orden y las personas se atienden a la hora que solicitan su atenci\u00f3n\u201d.<\/em><\/p>\n\n\n\n<p>Se espera que m\u00e1s de 800 mil personas puedan acceder a esta nueva alternativa a nivel nacional.<\/p>\n\n\n\n<p><strong>TR\u00c1MITE PASO A PASO<\/strong><strong><\/strong><\/p>\n\n\n\n<ul class=\"wp-block-list\"><li>Ingresar a <a href=\"http:\/\/www.registrocivil.cl\">www.registrocivil.cl<\/a> y hacer clic en Servicios en L\u00ednea<\/li><li>Elegir la opci\u00f3n Solicitud de Renovaci\u00f3n de c\u00e9dula vencida.<\/li><li>Se desplegar\u00e1n los requisitos que debe cumplir el solicitante.<\/li><li>Aceptar los t\u00e9rminos y condiciones<\/li><li>Ingresar clave \u00fanica. El sistema verifica que el solicitante cumpla con los requisitos para continuar la solicitud.<\/li><li>Luego deber\u00e1 seleccionar regi\u00f3n, oficina de retiro del documento y se ingresa un correo electr\u00f3nico.<\/li><li>Se presiona \u201cContinuar\u201d, y se redirecciona al portal de pago (d\u00e9bito, cr\u00e9dito y prepago).<\/li><li>La persona recibir\u00e1 un correo electr\u00f3nico donde se le notificar\u00e1 que la c\u00e9dula se encuentra disponible para su retiro en la oficina.<\/li><li>Al momento de retiro, se comprobar\u00e1 la identidad por medio de las huellas digitales de la persona que solicit\u00f3 la renovaci\u00f3n.<\/li><\/ul>\n","protected":false},"excerpt":{"rendered":"<p>As\u00ed lo destacaron esta ma\u00f1ana la Seremi de Justicia y Derechos Humanos, Michelle Peutat Alvarado, y el Director Regional del Registro Civil, Mauricio Pe\u00f1a y Lillo Correa, al dar a&#8230; <a class=\"read-more\" href=\"https:\/\/www.radiopresidenteibanez.cl\/web\/destacan-servicio-en-linea-del-registro-civil-para-renovar-cedula-de-identidad\/\">Leer m\u00e1s<\/a><\/p>\n","protected":false},"author":2,"featured_media":32780,"comment_status":"closed","ping_status":"closed","sticky":false,"template":"","format":"standard","meta":{"footnotes":""},"categories":[1],"tags":[],"class_list":["post-32779","post","type-post","status-publish","format-standard","has-post-thumbnail","hentry","category-cronica"],"_links":{"self":[{"href":"https:\/\/www.radiopresidenteibanez.cl\/web\/wp-json\/wp\/v2\/posts\/32779","targetHints":{"allow":["GET"]}}],"collection":[{"href":"https:\/\/www.radiopresidenteibanez.cl\/web\/wp-json\/wp\/v2\/posts"}],"about":[{"href":"https:\/\/www.radiopresidenteibanez.cl\/web\/wp-json\/wp\/v2\/types\/post"}],"author":[{"embeddable":true,"href":"https:\/\/www.radiopresidenteibanez.cl\/web\/wp-json\/wp\/v2\/users\/2"}],"replies":[{"embeddable":true,"href":"https:\/\/www.radiopresidenteibanez.cl\/web\/wp-json\/wp\/v2\/comments?post=32779"}],"version-history":[{"count":0,"href":"https:\/\/www.radiopresidenteibanez.cl\/web\/wp-json\/wp\/v2\/posts\/32779\/revisions"}],"wp:featuredmedia":[{"embeddable":true,"href":"https:\/\/www.radiopresidenteibanez.cl\/web\/wp-json\/wp\/v2\/media\/32780"}],"wp:attachment":[{"href":"https:\/\/www.radiopresidenteibanez.cl\/web\/wp-json\/wp\/v2\/media?parent=32779"}],"wp:term":[{"taxonomy":"category","embeddable":true,"href":"https:\/\/www.radiopresidenteibanez.cl\/web\/wp-json\/wp\/v2\/categories?post=32779"},{"taxonomy":"post_tag","embeddable":true,"href":"https:\/\/www.radiopresidenteibanez.cl\/web\/wp-json\/wp\/v2\/tags?post=32779"}],"curies":[{"name":"wp","href":"https:\/\/api.w.org\/{rel}","templated":true}]}}