{"id":32732,"date":"2022-09-13T08:56:50","date_gmt":"2022-09-13T11:56:50","guid":{"rendered":"https:\/\/www.radiopresidenteibanez.cl\/web\/?p=32732"},"modified":"2022-09-13T08:56:59","modified_gmt":"2022-09-13T11:56:59","slug":"universidad-andres-bello-gano-la-segunda-edicion-de-la-competencia-de-voleibol-manuel-prieto-estades","status":"publish","type":"post","link":"https:\/\/www.radiopresidenteibanez.cl\/web\/universidad-andres-bello-gano-la-segunda-edicion-de-la-competencia-de-voleibol-manuel-prieto-estades\/","title":{"rendered":"Universidad Andr\u00e9s Bello gan\u00f3 la segunda edici\u00f3n de la competencia de v\u00f3leibol \u201cManuel Prieto Estades\u201d\u00a0"},"content":{"rendered":"\n<p>Equipos de Santiago, Porvenir, R\u00edo Gallegos, R\u00edo Grande y representativos locales se dieron cita durante tres d\u00edas en el gimnasio de la Universidad de Magallanes en la segunda edici\u00f3n de la copa \u201cManuel Prieto Estades\u201d, competencia de v\u00f3leibol que comenz\u00f3 a disputarse en 2019 y que se vio interrumpida por la pandemia del Covid-19.&nbsp;<\/p>\n\n\n\n<p>El torneo deportivo retom\u00f3 este a\u00f1o con formato de octogonal, buscando reconocer la destacada trayectoria de Manuel Prieto como entrenador, formador, profesor de la carrera de educaci\u00f3n f\u00edsica y seleccionador de \u201cvoley\u201d de la UMAG, a quien se le reconoci\u00f3 en esta instancia con un v\u00eddeo emotivo y el aplauso del p\u00fablico, durante la jornada del s\u00e1bado.<\/p>\n\n\n\n<p>\u201cEsto es exagerado hacia m\u00ed, todos los profesores, especialmente del v\u00f3leibol, hacemos una entrega de acuerdo a nuestros principios y sentimientos, y eso algunos lo valoran m\u00e1s que otros. Me sent\u00ed representando a todos los entrenadores porque todos hacen lo mismo; entregan su tiempo libre, su esfuerzo y lo aprendido. Sin embargo, hay otra cosa que tiene mucho valor, que es sobre quienes organizan esto, ellos nos est\u00e1n demostrando que tienen valores humanos que no los tiene todo el mundo\u201d, indic\u00f3 Manuel Prieto luego del homenaje.<\/p>\n\n\n\n<p>\u201cEsta es una actividad muy importante por cuanto no es solo es una actividad deportiva sino que tambi\u00e9n se conmemora a un gran profesor de nuestra universidad como es Manuel Prieto Estades, quien durante muchos a\u00f1os dirigi\u00f3 la selecci\u00f3n de nuestra Universidad y que adem\u00e1s es una de las personas que siempre ha estado impulsando este bello deporte aqu\u00ed en Magallanes\u201d, indic\u00f3 el rector de la UMAG, Jos\u00e9 Maripani, agregando que \u201choy en d\u00eda, en un mundo muy digitalizado, donde la mayor\u00eda de la gente ve televisi\u00f3n, programas y practica juegos online, que aqu\u00ed se vea juventud y familias participando, realmente es muy bonito para una comunidad como la nuestra\u201d, dijo.<\/p>\n\n\n\n<p><strong>Resultados del campeonato<\/strong><\/p>\n\n\n\n<p><br>El torneo que culmin\u00f3 el domingo reuni\u00f3 a los siguientes representativos de categor\u00eda Todo Competidor en varones. En el Grupo \u201cA\u201d estuvo: Umag (Punta Arenas), Universidad Andr\u00e9s Bello (Santiago), 17 de octubre (R\u00edo Gallegos) y Selecci\u00f3n Araucan\u00eda de Magallanes Sub-19; y en el Grupo \u201cB\u201d: Adefu (R\u00edo Grande), Liceo Hernando de Magallanes (Porvenir) y los clubes locales Selknam y Scout.<\/p>\n\n\n\n<p>La jornada sabatina comenz\u00f3 a las 10.00 horas, contempl\u00e1ndose a las 17.00 la ceremonia de inauguraci\u00f3n y luego las semifinales a las 18.30 y 20.00. En tanto, en la jornada dominical el campeonato finaliz\u00f3 con la siguiente agenda: 10.00 horas fue el turno de la definici\u00f3n del s\u00e9ptimo lugar, 11.00 horas la definici\u00f3n del quinto lugar, 12.00 horas la definici\u00f3n del tercer lugar y 13.00 horas la final del campeonato.<\/p>\n\n\n\n<p>\u201cDesde peque\u00f1o estoy inserto en el mundo del \u2018voley\u2019, por mis dos pap\u00e1s que jugaron, y de ah\u00ed es que conoc\u00ed a Manolo (Prieto). No tuve la suerte de que me entrenara o que me hiciera clases pero siempre vi desde afuera todo el cari\u00f1o que la gente le ten\u00eda y ahora en mi vereda de entrenador de la Universidad, buscando competencias para mis deportistas, quise darle un toque m\u00e1s emotivo y homenajear la larga carrera del profe\u201d, indic\u00f3 Ignacio Avillo, entrenador del equipo de v\u00f3leibol de la UMAG, quien adem\u00e1s expres\u00f3 que \u201cvaloro muy positivamente que en tiempos como estos participen equipos argentinos y tambi\u00e9n la Universidad Andr\u00e9s Bello, que es una selecci\u00f3n de primer nivel\u201d.&nbsp;<\/p>\n\n\n\n<p>\u201cEsta es una tremenda instancia de participaci\u00f3n y de poder fomentar el deporte, la actividad f\u00edsica y poder reunir a la familia. Es una actividad muy importante adem\u00e1s porque busca lo que tenemos alineado desde el Ministerio del Deporte que es tratar de reactivar el deporte despu\u00e9s de este dif\u00edcil momento de pandemia. Ac\u00e1 adem\u00e1s estamos contando con la presencia de equipos que vienen desde la Rep\u00fablica Argentina, lo que es un buen augurio para la temporada que va a comenzar\u201d, coment\u00f3 Leonidas Hern\u00e1ndez, seremi del Deporte.<\/p>\n\n\n\n<p>El primer lugar fue para la Universidad Andr\u00e9s Bello de Santiago, el segundo puesto fue para 17 de octubre de R\u00edo Gallegos y la tercera ubicaci\u00f3n para ADEFU de R\u00edo Grande. Por otro lado, el equipo ideal del torneo estuvo conformado por: Sebasti\u00e1n Albornoz (UNAB) como Mejor Armador, Samuel Diaz (UNAB) como Mejor Opuesto, Vicente Arancibia (UNAB) y Jonathan Coronel (17 de octubre) como Mejores Puntas, Vicente Valenzuela (UNAB) y Diego Concha (UNAB) como Mejores Centrales y Nicol\u00e1s G\u00f3mez (17 de octubre) como Mejor L\u00edbero.<\/p>\n","protected":false},"excerpt":{"rendered":"<p>Equipos de Santiago, Porvenir, R\u00edo Gallegos, R\u00edo Grande y representativos locales se dieron cita durante tres d\u00edas en el gimnasio de la Universidad de Magallanes en la segunda edici\u00f3n de&#8230; <a class=\"read-more\" href=\"https:\/\/www.radiopresidenteibanez.cl\/web\/universidad-andres-bello-gano-la-segunda-edicion-de-la-competencia-de-voleibol-manuel-prieto-estades\/\">Leer m\u00e1s<\/a><\/p>\n","protected":false},"author":2,"featured_media":32734,"comment_status":"closed","ping_status":"closed","sticky":false,"template":"","format":"standard","meta":{"footnotes":""},"categories":[1],"tags":[],"class_list":["post-32732","post","type-post","status-publish","format-standard","has-post-thumbnail","hentry","category-cronica"],"_links":{"self":[{"href":"https:\/\/www.radiopresidenteibanez.cl\/web\/wp-json\/wp\/v2\/posts\/32732","targetHints":{"allow":["GET"]}}],"collection":[{"href":"https:\/\/www.radiopresidenteibanez.cl\/web\/wp-json\/wp\/v2\/posts"}],"about":[{"href":"https:\/\/www.radiopresidenteibanez.cl\/web\/wp-json\/wp\/v2\/types\/post"}],"author":[{"embeddable":true,"href":"https:\/\/www.radiopresidenteibanez.cl\/web\/wp-json\/wp\/v2\/users\/2"}],"replies":[{"embeddable":true,"href":"https:\/\/www.radiopresidenteibanez.cl\/web\/wp-json\/wp\/v2\/comments?post=32732"}],"version-history":[{"count":0,"href":"https:\/\/www.radiopresidenteibanez.cl\/web\/wp-json\/wp\/v2\/posts\/32732\/revisions"}],"wp:featuredmedia":[{"embeddable":true,"href":"https:\/\/www.radiopresidenteibanez.cl\/web\/wp-json\/wp\/v2\/media\/32734"}],"wp:attachment":[{"href":"https:\/\/www.radiopresidenteibanez.cl\/web\/wp-json\/wp\/v2\/media?parent=32732"}],"wp:term":[{"taxonomy":"category","embeddable":true,"href":"https:\/\/www.radiopresidenteibanez.cl\/web\/wp-json\/wp\/v2\/categories?post=32732"},{"taxonomy":"post_tag","embeddable":true,"href":"https:\/\/www.radiopresidenteibanez.cl\/web\/wp-json\/wp\/v2\/tags?post=32732"}],"curies":[{"name":"wp","href":"https:\/\/api.w.org\/{rel}","templated":true}]}}