{"id":32729,"date":"2022-09-12T19:59:00","date_gmt":"2022-09-12T22:59:00","guid":{"rendered":"https:\/\/www.radiopresidenteibanez.cl\/web\/?p=32729"},"modified":"2022-09-12T17:03:17","modified_gmt":"2022-09-12T20:03:17","slug":"delegada-presidencial-provincial-romina-alvarez-hace-un-llamado-a-la-ciudadania-de-mantener-conducta-de-autocuidado-en-fiestas-patrias","status":"publish","type":"post","link":"https:\/\/www.radiopresidenteibanez.cl\/web\/delegada-presidencial-provincial-romina-alvarez-hace-un-llamado-a-la-ciudadania-de-mantener-conducta-de-autocuidado-en-fiestas-patrias\/","title":{"rendered":"DELEGADA PRESIDENCIAL PROVINCIAL ROMINA \u00c1LVAREZ HACE UN LLAMADO A LA CIUDADAN\u00cdA DE MANTENER CONDUCTA DE AUTOCUIDADO EN FIESTAS PATRIAS"},"content":{"rendered":"\n<p>En la noche del s\u00e1bado, Senda Previene junto a Carabineros de la 2da. Comisar\u00eda de Puerto Natales y el Consejo de Seguridad P\u00fablica Bi Comunal, de Natales y Torres del Paine, realizaron un operativo \u201cTolerancia Cero\u201d, en el centro de la ciudad, para difundir el mensaje preventivo de los riesgos asociados al consumo de alcohol y otras drogas en la conducci\u00f3n.<\/p>\n\n\n\n<p>En el operativo, estuvo presente una ambulancia y el equipo m\u00e9dico de Senda, quienes junto a funcionarios de Carabineros fiscalizaron a los automovilistas que transitaban por la comuna, tom\u00e1ndoles una prueba de alcotest.<\/p>\n\n\n\n<p>La delegada presidencial provincial de \u00daltima Esperanza, Romina \u00c1lvarez Alarc\u00f3n, valor\u00f3 estos operativos preventivos en el marco de las celebraciones de fiestas patrias, e hizo un llamado a la ciudadan\u00eda a mantener una conducta de autocuidado durante los d\u00edas de celebraciones, destacando que, \u201cdebemos prevenir infracciones a la ley de tr\u00e1nsito en altas horas de la noche, y es importante que sigamos articulados por los ejes estrat\u00e9gicos de seguridad p\u00fablica, pero por sobretodo para seguir brindando estos operativos de prevenci\u00f3n y tranquilidad para la comunidad natalina\u201d.<\/p>\n\n\n\n<p>En la actividad preventiva tambi\u00e9n participaron la alcaldesa de la comuna de Natales, Antonieta Oyarzo; la abogada del municipio, Katherine Burgos; el concejal Marcelo Contreras; la encargada de Senda Previene, Nicole C\u00e1rdenas; el teniente Francisco D\u00edaz, y personal de Carabineros de la 2da. Comisar\u00eda de Puerto Natales.<\/p>\n","protected":false},"excerpt":{"rendered":"<p>En la noche del s\u00e1bado, Senda Previene junto a Carabineros de la 2da. Comisar\u00eda de Puerto Natales y el Consejo de Seguridad P\u00fablica Bi Comunal, de Natales y Torres del&#8230; <a class=\"read-more\" href=\"https:\/\/www.radiopresidenteibanez.cl\/web\/delegada-presidencial-provincial-romina-alvarez-hace-un-llamado-a-la-ciudadania-de-mantener-conducta-de-autocuidado-en-fiestas-patrias\/\">Leer m\u00e1s<\/a><\/p>\n","protected":false},"author":2,"featured_media":32730,"comment_status":"closed","ping_status":"closed","sticky":false,"template":"","format":"standard","meta":{"footnotes":""},"categories":[1],"tags":[],"class_list":["post-32729","post","type-post","status-publish","format-standard","has-post-thumbnail","hentry","category-cronica"],"_links":{"self":[{"href":"https:\/\/www.radiopresidenteibanez.cl\/web\/wp-json\/wp\/v2\/posts\/32729","targetHints":{"allow":["GET"]}}],"collection":[{"href":"https:\/\/www.radiopresidenteibanez.cl\/web\/wp-json\/wp\/v2\/posts"}],"about":[{"href":"https:\/\/www.radiopresidenteibanez.cl\/web\/wp-json\/wp\/v2\/types\/post"}],"author":[{"embeddable":true,"href":"https:\/\/www.radiopresidenteibanez.cl\/web\/wp-json\/wp\/v2\/users\/2"}],"replies":[{"embeddable":true,"href":"https:\/\/www.radiopresidenteibanez.cl\/web\/wp-json\/wp\/v2\/comments?post=32729"}],"version-history":[{"count":0,"href":"https:\/\/www.radiopresidenteibanez.cl\/web\/wp-json\/wp\/v2\/posts\/32729\/revisions"}],"wp:featuredmedia":[{"embeddable":true,"href":"https:\/\/www.radiopresidenteibanez.cl\/web\/wp-json\/wp\/v2\/media\/32730"}],"wp:attachment":[{"href":"https:\/\/www.radiopresidenteibanez.cl\/web\/wp-json\/wp\/v2\/media?parent=32729"}],"wp:term":[{"taxonomy":"category","embeddable":true,"href":"https:\/\/www.radiopresidenteibanez.cl\/web\/wp-json\/wp\/v2\/categories?post=32729"},{"taxonomy":"post_tag","embeddable":true,"href":"https:\/\/www.radiopresidenteibanez.cl\/web\/wp-json\/wp\/v2\/tags?post=32729"}],"curies":[{"name":"wp","href":"https:\/\/api.w.org\/{rel}","templated":true}]}}