{"id":3269,"date":"2019-04-11T16:17:51","date_gmt":"2019-04-11T16:17:51","guid":{"rendered":"http:\/\/www.radiopresidenteibanez.cl\/web\/?p=3269"},"modified":"2019-04-11T16:18:30","modified_gmt":"2019-04-11T16:18:30","slug":"consejeros-regionales-visitan-centro-de-entrenamiento-del-club-magallanes-y-se-reunen-con-plantel-y-cuerpo-tecnico","status":"publish","type":"post","link":"https:\/\/www.radiopresidenteibanez.cl\/web\/consejeros-regionales-visitan-centro-de-entrenamiento-del-club-magallanes-y-se-reunen-con-plantel-y-cuerpo-tecnico\/","title":{"rendered":"CONSEJEROS REGIONALES VISITAN CENTRO DE ENTRENAMIENTO DEL CLUB MAGALLANES Y SE RE\u00daNEN CON PLANTEL Y CUERPO T\u00c9CNICO"},"content":{"rendered":"\n<p>En el marco de las actividades que se\nencuentran desarrollando integrantes del Consejo Regional de Magallanes y de la\nAnt\u00e1rtica Chilena en Santiago, este mi\u00e9rcoles los Consejeros Antonio Bradasic,\nManuel Lonc\u00f3n, Andres L\u00f3pez y Tolentino Soto, conocieron las dependencias del\nClub Magallanes, disfrutaron al ver parte del entrenamiento del primer equipo y\nla serie juvenil y conversaron con el plantel y cuerpo t\u00e9cnico.<\/p>\n\n\n\n<p>Seg\u00fan coment\u00f3 el presidente del CORE,\nTolentino Soto, el proyecto \u201cMagallanes por Magallanes\u201d busca generar lazos\nentre el club deportivo y la regi\u00f3n, \u201cpudimos conocer un poco el trabajo de\nformaci\u00f3n humana que tiene la instituci\u00f3n. Creo que hoy d\u00eda la sociedad est\u00e1\nexpuesta a una serie de complicaciones y problemas y que instituciones como\n\u00e9sta se preocupen de la formaci\u00f3n de los j\u00f3venes a nosotros nos parece muy\ninteresante\u201d, afirm\u00f3. <\/p>\n\n\n\n<p>Asimismo el consejero de Tierra del\nFuego, Andr\u00e9s L\u00f3pez, se mostr\u00f3 muy satisfecho con la visita y destac\u00f3 \u201chay un\nproyecto muy grande que queremos reflotar y es tener un estadio techado en\nMagallanes y tambi\u00e9n un equipo profesional que pueda jugar en nuestra regi\u00f3n,\npor lo menos algunos partidos\u201d. <\/p>\n\n\n\n<p>\u201cMe llevo esto como trabajo, en el\nsentido de seguir con el contacto y estableciendo alianzas para que de una u\notra manera los ni\u00f1os de nuestras comunas se acerquen al deporte,&nbsp; esperamos poder concretar alg\u00fan proyecto muy\nlindo con este club\u201d, concluy\u00f3 L\u00f3pez. <\/p>\n\n\n\n<p>Horas m\u00e1s tarde los Consejeros Regionales participaron en las actividades de promoci\u00f3n tur\u00edstica que se encuentra desarrollando Sernatur Magallanes en la ciudad de Santiago. Para este jueves est\u00e1n programadas reuniones con el subsecretario del Deporte, Andres Otero y el subsecretario de Educaci\u00f3n, Ra\u00fal Figueroa, concluyendo el d\u00eda viernes con el jefe de la Divisi\u00f3n de Constituci\u00f3n de Propiedad Ra\u00edz del Ministerio de Bienes Nacionales, Jos\u00e9 Barr\u00eda. <\/p>\n\n\n\n<ul class=\"wp-block-gallery columns-2 is-cropped wp-block-gallery-1 is-layout-flex wp-block-gallery-is-layout-flex\"><li class=\"blocks-gallery-item\"><figure><img loading=\"lazy\" decoding=\"async\" width=\"900\" height=\"675\" src=\"https:\/\/www.radiopresidenteibanez.cl\/web\/wp-content\/uploads\/2019\/04\/1-2.jpg\" alt=\"\" data-id=\"3270\" data-link=\"https:\/\/www.radiopresidenteibanez.cl\/web\/?attachment_id=3270\" class=\"wp-image-3270\" srcset=\"https:\/\/www.radiopresidenteibanez.cl\/web\/wp-content\/uploads\/2019\/04\/1-2.jpg 900w, https:\/\/www.radiopresidenteibanez.cl\/web\/wp-content\/uploads\/2019\/04\/1-2-300x225.jpg 300w, https:\/\/www.radiopresidenteibanez.cl\/web\/wp-content\/uploads\/2019\/04\/1-2-768x576.jpg 768w\" sizes=\"auto, (max-width: 900px) 100vw, 900px\" \/><\/figure><\/li><li class=\"blocks-gallery-item\"><figure><img loading=\"lazy\" decoding=\"async\" width=\"900\" height=\"675\" src=\"https:\/\/www.radiopresidenteibanez.cl\/web\/wp-content\/uploads\/2019\/04\/2-2.jpg\" alt=\"\" data-id=\"3271\" data-link=\"https:\/\/www.radiopresidenteibanez.cl\/web\/?attachment_id=3271\" class=\"wp-image-3271\" srcset=\"https:\/\/www.radiopresidenteibanez.cl\/web\/wp-content\/uploads\/2019\/04\/2-2.jpg 900w, https:\/\/www.radiopresidenteibanez.cl\/web\/wp-content\/uploads\/2019\/04\/2-2-300x225.jpg 300w, https:\/\/www.radiopresidenteibanez.cl\/web\/wp-content\/uploads\/2019\/04\/2-2-768x576.jpg 768w\" sizes=\"auto, (max-width: 900px) 100vw, 900px\" \/><\/figure><\/li><\/ul>\n","protected":false},"excerpt":{"rendered":"<p>En el marco de las actividades que se encuentran desarrollando integrantes del Consejo Regional de Magallanes y de la Ant\u00e1rtica Chilena en Santiago, este mi\u00e9rcoles los Consejeros Antonio Bradasic, Manuel&#8230; <a class=\"read-more\" href=\"https:\/\/www.radiopresidenteibanez.cl\/web\/consejeros-regionales-visitan-centro-de-entrenamiento-del-club-magallanes-y-se-reunen-con-plantel-y-cuerpo-tecnico\/\">Leer m\u00e1s<\/a><\/p>\n","protected":false},"author":2,"featured_media":3270,"comment_status":"closed","ping_status":"closed","sticky":false,"template":"","format":"standard","meta":{"footnotes":""},"categories":[1,3],"tags":[],"class_list":["post-3269","post","type-post","status-publish","format-standard","has-post-thumbnail","hentry","category-cronica","category-deportes"],"_links":{"self":[{"href":"https:\/\/www.radiopresidenteibanez.cl\/web\/wp-json\/wp\/v2\/posts\/3269","targetHints":{"allow":["GET"]}}],"collection":[{"href":"https:\/\/www.radiopresidenteibanez.cl\/web\/wp-json\/wp\/v2\/posts"}],"about":[{"href":"https:\/\/www.radiopresidenteibanez.cl\/web\/wp-json\/wp\/v2\/types\/post"}],"author":[{"embeddable":true,"href":"https:\/\/www.radiopresidenteibanez.cl\/web\/wp-json\/wp\/v2\/users\/2"}],"replies":[{"embeddable":true,"href":"https:\/\/www.radiopresidenteibanez.cl\/web\/wp-json\/wp\/v2\/comments?post=3269"}],"version-history":[{"count":0,"href":"https:\/\/www.radiopresidenteibanez.cl\/web\/wp-json\/wp\/v2\/posts\/3269\/revisions"}],"wp:featuredmedia":[{"embeddable":true,"href":"https:\/\/www.radiopresidenteibanez.cl\/web\/wp-json\/wp\/v2\/media\/3270"}],"wp:attachment":[{"href":"https:\/\/www.radiopresidenteibanez.cl\/web\/wp-json\/wp\/v2\/media?parent=3269"}],"wp:term":[{"taxonomy":"category","embeddable":true,"href":"https:\/\/www.radiopresidenteibanez.cl\/web\/wp-json\/wp\/v2\/categories?post=3269"},{"taxonomy":"post_tag","embeddable":true,"href":"https:\/\/www.radiopresidenteibanez.cl\/web\/wp-json\/wp\/v2\/tags?post=3269"}],"curies":[{"name":"wp","href":"https:\/\/api.w.org\/{rel}","templated":true}]}}