{"id":3266,"date":"2019-04-11T16:11:27","date_gmt":"2019-04-11T16:11:27","guid":{"rendered":"http:\/\/www.radiopresidenteibanez.cl\/web\/?p=3266"},"modified":"2019-04-11T16:11:45","modified_gmt":"2019-04-11T16:11:45","slug":"sindicatono1-afpcapital-hace-efectivahiuelga-en-elprocesode-negociacion-colectiva","status":"publish","type":"post","link":"https:\/\/www.radiopresidenteibanez.cl\/web\/sindicatono1-afpcapital-hace-efectivahiuelga-en-elprocesode-negociacion-colectiva\/","title":{"rendered":"SINDICATO\tN\u00ba1 AFP\tCAPITAL HACE EFECTIVA\tHIUELGA EN EL\tPROCESO\tDE NEGOCIACI\u00d3N COLECTIVA"},"content":{"rendered":"\n<p>El Sindicato\nNacional de Trabajadores de AFP Capital har\u00e1 efectiva la huelga en el marco de\nla negociaci\u00f3n colectiva en curso. Estamos en este proceso desde hace dos\nmeses, y desde entonces no hemos logrado cerrar un acuerdo con la empresa.<\/p>\n\n\n\n<p>Nuestro Sindicato est\u00e1 conformado por agentes de venta, trabajadores de call center y\npor personas del \u00e1rea de servicios, prestamos\nservicios sometidos a varias situaciones de arbitrariedad de parte de la empresa.<\/p>\n\n\n\n<p>Somos los que\ndebemos enfrentar el creciente descr\u00e9dito de la industria de las AFP, nosotros salimos\na dar la cara cuando el pa\u00eds se enter\u00f3\nde la fiesta de un Gerente en un\nlujoso crucero, esperamos una retribuci\u00f3n m\u00e1s equitativa por nuestro trabajo.<\/p>\n\n\n\n<p>Los dos\ntercios de nuestra remuneraci\u00f3n se pagan sobre la base de comisiones variables\npor ventas, estas son cambiadas unilateralmente por la empresa mes a mes sin\nque los trabajadores podamos discutirlas. Hemos insistido en terminar con esa\npr\u00e1ctica y discutirla en la negociaci\u00f3n colectiva a lo que la empresa\nsolo ofrece instalar una mesa de conversaciones para\nver los problemas del sistema de comisiones, un espacio sin compromisos m\u00ednimos,\nni tiempo de duraci\u00f3n, por tanto, sin garant\u00edas para nosotros.<\/p>\n\n\n\n<p>La empresa no\nha querido acceder a cuestiones m\u00ednimas, como una asignaci\u00f3n por movilizaci\u00f3n o\nincremento de sueldo base (la mayor\u00eda de los socios del sindicato percibe el ingreso m\u00ednimo,\nel resto solo comisiones).<\/p>\n\n\n\n<p>Seg\u00fan la\ninformaci\u00f3n publicada por la empresa, en el \u00faltimo a\u00f1o su utilidad alcanza a\nm\u00e1s de $56.000.000.000 (cincuenta y seis mil millones de pesos) El \u00faltimo\nofrecimiento que recibimos, incorpora un bono anual por antig\u00fcedad y un bono de\nt\u00e9rmino de negociaci\u00f3n alcanza a solo 1,2% para un contrato a dos a\u00f1os.<\/p>\n\n\n\n<p>La empresa ha manifestado que est\u00e1 disponible para alcanzar un acuerdo, entonces tendr\u00e1 que mejorar su oferta, nosotros seguiremos atentos.<\/p>\n\n\n\n<figure class=\"wp-block-image\"><img loading=\"lazy\" decoding=\"async\" width=\"816\" height=\"428\" src=\"https:\/\/www.radiopresidenteibanez.cl\/web\/wp-content\/uploads\/2019\/04\/capital_sura_123_816x428.jpg\" alt=\"\" class=\"wp-image-3267\" srcset=\"https:\/\/www.radiopresidenteibanez.cl\/web\/wp-content\/uploads\/2019\/04\/capital_sura_123_816x428.jpg 816w, https:\/\/www.radiopresidenteibanez.cl\/web\/wp-content\/uploads\/2019\/04\/capital_sura_123_816x428-300x157.jpg 300w, https:\/\/www.radiopresidenteibanez.cl\/web\/wp-content\/uploads\/2019\/04\/capital_sura_123_816x428-768x403.jpg 768w\" sizes=\"auto, (max-width: 816px) 100vw, 816px\" \/><\/figure>\n","protected":false},"excerpt":{"rendered":"<p>El Sindicato Nacional de Trabajadores de AFP Capital har\u00e1 efectiva la huelga en el marco de la negociaci\u00f3n colectiva en curso. Estamos en este proceso desde hace dos meses, y&#8230; <a class=\"read-more\" href=\"https:\/\/www.radiopresidenteibanez.cl\/web\/sindicatono1-afpcapital-hace-efectivahiuelga-en-elprocesode-negociacion-colectiva\/\">Leer m\u00e1s<\/a><\/p>\n","protected":false},"author":2,"featured_media":3267,"comment_status":"closed","ping_status":"closed","sticky":false,"template":"","format":"standard","meta":{"footnotes":""},"categories":[1],"tags":[],"class_list":["post-3266","post","type-post","status-publish","format-standard","has-post-thumbnail","hentry","category-cronica"],"_links":{"self":[{"href":"https:\/\/www.radiopresidenteibanez.cl\/web\/wp-json\/wp\/v2\/posts\/3266","targetHints":{"allow":["GET"]}}],"collection":[{"href":"https:\/\/www.radiopresidenteibanez.cl\/web\/wp-json\/wp\/v2\/posts"}],"about":[{"href":"https:\/\/www.radiopresidenteibanez.cl\/web\/wp-json\/wp\/v2\/types\/post"}],"author":[{"embeddable":true,"href":"https:\/\/www.radiopresidenteibanez.cl\/web\/wp-json\/wp\/v2\/users\/2"}],"replies":[{"embeddable":true,"href":"https:\/\/www.radiopresidenteibanez.cl\/web\/wp-json\/wp\/v2\/comments?post=3266"}],"version-history":[{"count":0,"href":"https:\/\/www.radiopresidenteibanez.cl\/web\/wp-json\/wp\/v2\/posts\/3266\/revisions"}],"wp:featuredmedia":[{"embeddable":true,"href":"https:\/\/www.radiopresidenteibanez.cl\/web\/wp-json\/wp\/v2\/media\/3267"}],"wp:attachment":[{"href":"https:\/\/www.radiopresidenteibanez.cl\/web\/wp-json\/wp\/v2\/media?parent=3266"}],"wp:term":[{"taxonomy":"category","embeddable":true,"href":"https:\/\/www.radiopresidenteibanez.cl\/web\/wp-json\/wp\/v2\/categories?post=3266"},{"taxonomy":"post_tag","embeddable":true,"href":"https:\/\/www.radiopresidenteibanez.cl\/web\/wp-json\/wp\/v2\/tags?post=3266"}],"curies":[{"name":"wp","href":"https:\/\/api.w.org\/{rel}","templated":true}]}}