{"id":32645,"date":"2022-09-09T14:23:00","date_gmt":"2022-09-09T17:23:00","guid":{"rendered":"https:\/\/www.radiopresidenteibanez.cl\/web\/?p=32645"},"modified":"2022-09-09T11:18:16","modified_gmt":"2022-09-09T14:18:16","slug":"corfoconecta-magallanes-logro-motivar-y-vincular-a-las-pymes-con-el-ecosistema-regional","status":"publish","type":"post","link":"https:\/\/www.radiopresidenteibanez.cl\/web\/corfoconecta-magallanes-logro-motivar-y-vincular-a-las-pymes-con-el-ecosistema-regional\/","title":{"rendered":"CORFOCONECTA MAGALLANES LOGRO MOTIVAR Y VINCULAR A LAS PYMES CON EL ECOSISTEMA REGIONAL"},"content":{"rendered":"\n<p>Con gran asistencia de p\u00fablico se desarroll\u00f3 el evento&nbsp;<strong>CorfoConecta Magallanes<\/strong>, sobre innovaci\u00f3n y emprendimiento colaborativo. La actividad fue organizada por la Gerencia de Innovaci\u00f3n de Corfo, el programa Red de Asistencia Digital Fortalece Pyme Magallanes y la direcci\u00f3n regional de Corfo.<\/p>\n\n\n\n<p>Se inici\u00f3 la actividad con la charla&nbsp;motivacional, \u201c100% actitud, desde Punta Arenas si se puede\u201d&nbsp;de Daniel Daccarett, innovador y&nbsp;fundador de Vendomatica y Emprende tu Mente, quien&nbsp;comparti\u00f3&nbsp;su historia como emprendedor y&nbsp;dio a conocer las claves para emprender, a partir de la actitud.<\/p>\n\n\n\n<p>\u201cParte de la responsabilidad que tenemos los empresarios es trasmitir esto a los m\u00e1s j\u00f3venes, a los que est\u00e1n partiendo, para inspirarlos y que no decaigan. Eso les va a permitir construir energ\u00eda, porque ser emprendedor es dif\u00edcil y tambi\u00e9n para que no cometan los errores que uno ha cometido\u201d. Inst\u00f3 a los emprendedores a potenciar el ecosistema regional.<\/p>\n\n\n\n<p>Posterior a la charla, se realiz\u00f3 un networking o jornada de asesor\u00edas de los colaboradores y entidades&nbsp;vinculadas al ecosistema de emprendimiento e innovaci\u00f3n, con la finalidad de que las pymes&nbsp;se conectaran, generando instancias de conversaci\u00f3n sobre sus ideas y proyectos para hacer despegar sus negocios.<\/p>\n\n\n\n<p>Para la Gerenta de innovaci\u00f3n de Corfo, Jocelyn Olivari, este evento fue una excelente instancia para vincular&nbsp;a distintos actores del ecosistema de Magallanes. \u201cParticiparon actores del sector p\u00fablico, universidad y tambi\u00e9n, emprendedores que buscan conectarse para resolver problem\u00e1ticas que tienen en sus empresas, generando ideas innovadoras de soluciones que puedan ir potenciando la productividad de las empresas de la regi\u00f3n\u201d.<\/p>\n\n\n\n<p>Fueron 10 las entidades que participaron en la jornada de asesor\u00edas: OTL Umag, Red Fortalece Pyme Magallanes, Zona Franca, BancoEstado Microempresa, Centro de negocios Sercotec- Punta Arenas, Punto Mipe Sercotec, Servicio de Impuestos Internos, Sernatur, Seremi de Salud&nbsp; y Corfo.<\/p>\n","protected":false},"excerpt":{"rendered":"<p>Con gran asistencia de p\u00fablico se desarroll\u00f3 el evento&nbsp;CorfoConecta Magallanes, sobre innovaci\u00f3n y emprendimiento colaborativo. La actividad fue organizada por la Gerencia de Innovaci\u00f3n de Corfo, el programa Red de&#8230; <a class=\"read-more\" href=\"https:\/\/www.radiopresidenteibanez.cl\/web\/corfoconecta-magallanes-logro-motivar-y-vincular-a-las-pymes-con-el-ecosistema-regional\/\">Leer m\u00e1s<\/a><\/p>\n","protected":false},"author":2,"featured_media":32646,"comment_status":"closed","ping_status":"closed","sticky":false,"template":"","format":"standard","meta":{"footnotes":""},"categories":[1],"tags":[],"class_list":["post-32645","post","type-post","status-publish","format-standard","has-post-thumbnail","hentry","category-cronica"],"_links":{"self":[{"href":"https:\/\/www.radiopresidenteibanez.cl\/web\/wp-json\/wp\/v2\/posts\/32645","targetHints":{"allow":["GET"]}}],"collection":[{"href":"https:\/\/www.radiopresidenteibanez.cl\/web\/wp-json\/wp\/v2\/posts"}],"about":[{"href":"https:\/\/www.radiopresidenteibanez.cl\/web\/wp-json\/wp\/v2\/types\/post"}],"author":[{"embeddable":true,"href":"https:\/\/www.radiopresidenteibanez.cl\/web\/wp-json\/wp\/v2\/users\/2"}],"replies":[{"embeddable":true,"href":"https:\/\/www.radiopresidenteibanez.cl\/web\/wp-json\/wp\/v2\/comments?post=32645"}],"version-history":[{"count":0,"href":"https:\/\/www.radiopresidenteibanez.cl\/web\/wp-json\/wp\/v2\/posts\/32645\/revisions"}],"wp:featuredmedia":[{"embeddable":true,"href":"https:\/\/www.radiopresidenteibanez.cl\/web\/wp-json\/wp\/v2\/media\/32646"}],"wp:attachment":[{"href":"https:\/\/www.radiopresidenteibanez.cl\/web\/wp-json\/wp\/v2\/media?parent=32645"}],"wp:term":[{"taxonomy":"category","embeddable":true,"href":"https:\/\/www.radiopresidenteibanez.cl\/web\/wp-json\/wp\/v2\/categories?post=32645"},{"taxonomy":"post_tag","embeddable":true,"href":"https:\/\/www.radiopresidenteibanez.cl\/web\/wp-json\/wp\/v2\/tags?post=32645"}],"curies":[{"name":"wp","href":"https:\/\/api.w.org\/{rel}","templated":true}]}}