{"id":32642,"date":"2022-09-09T12:47:00","date_gmt":"2022-09-09T15:47:00","guid":{"rendered":"https:\/\/www.radiopresidenteibanez.cl\/web\/?p=32642"},"modified":"2022-09-09T11:08:31","modified_gmt":"2022-09-09T14:08:31","slug":"red-de-mentoras-del-ministerio-de-ciencia-es-parte-del-sello-chile-para-todas","status":"publish","type":"post","link":"https:\/\/www.radiopresidenteibanez.cl\/web\/red-de-mentoras-del-ministerio-de-ciencia-es-parte-del-sello-chile-para-todas\/","title":{"rendered":"RED DE MENTORAS DEL MINISTERIO DE CIENCIA ES PARTE DEL SELLO \u201cCHILE PARA TODAS\u201d"},"content":{"rendered":"\n<p>El Presidente Gabriel Boric present\u00f3 \u201cChile Para Todas\u201d, un grupo de iniciativas y medidas concretas, intersectoriales, materiales, de corto y mediano plazo de ejecuci\u00f3n que ser\u00e1n realizadas por distintos Ministerios y que est\u00e1n destinadas exclusivamente a las mujeres del pa\u00eds.<\/p>\n\n\n\n<p>Para aportar a este plan el Ministerio de Ciencia, Tecnolog\u00eda, Conocimiento e Innovaci\u00f3n (CTCI), ejecutar\u00e1 un Programa de Liderazgo Feminista para potenciar el desarrollo de la carrera profesional de diversas mujeres que pertenezcan al \u00e1rea, facilitando herramientas que les permitan avanzar y desempe\u00f1ar posiciones de liderazgo en instituciones de educaci\u00f3n superior, centros de investigaci\u00f3n y en cargos de nombramiento p\u00fablico.<\/p>\n\n\n\n<p>Seg\u00fan indic\u00f3 la seremi de ciencia, Ver\u00f3nica Vallejos, \u201cpara el ministerio es de gran importancia fomentar la equidad, colaboraci\u00f3n y el respeto a la diversidad. En este contexto, el Programa de Liderazgo Feminista buscar\u00e1 potenciar a las investigadoras, no solamente d\u00e1ndoles visibilidad, sino que tambi\u00e9n permiti\u00e9ndoles desarrollar sus carreras profesionales, m\u00e1s all\u00e1 de su propia l\u00ednea de investigaci\u00f3n, en un marco de igualdad y libre de violencia\u201d.<\/p>\n\n\n\n<p>La autoridad macrozonal coment\u00f3 que \u201ceste programa se dirige a conformar una Red de Mentoras, que integre el enfoque feminista, orientado a la participaci\u00f3n de mujeres asociadas a investigaciones dentro de las \u00e1reas de ciencias sociales, artes y humanidades, principalmente, considerando una mirada regional descentralizadora, potenciando la colaboraci\u00f3n y la solidaridad entre pares por sobre la competencia, el respeto a la diversidad y a los derechos humanos\u201d.<\/p>\n\n\n\n<p>Las interesadas en participar del programa -que se espera inicie el \u00faltimo trimestre de este a\u00f1o- podr\u00e1n hacerlo a trav\u00e9s de una p\u00e1gina web que se habilitar\u00e1 pr\u00f3ximamente. La selecci\u00f3n ser\u00e1 realizada por el Ministerio, mediante un llamado p\u00fablico, considerando las diversidades sexo-gen\u00e9ricas, diversidad regional, disciplinar e inclusi\u00f3n. Adem\u00e1s, considerar\u00e1 una cobertura nacional, potenciando la participaci\u00f3n regional, y seleccionando al menos una integrante por regi\u00f3n.<\/p>\n\n\n\n<p>Algunos de los requisitos para postular son contar con al menos 5 a\u00f1os de experiencia profesional o acad\u00e9mica vinculada al \u00e1mbito CTCI, 2 a\u00f1os de liderazgo de pares, haber tenido contrato por al menos 2 a\u00f1os con alguna instituci\u00f3n del sistema CTCI. De ser necesario, se podr\u00e1 flexibilizar el requerimiento para que diversidades sexo-gen\u00e9ricas puedan acceder, considerando las barreras socioculturales en su trayectoria de vida\/carrera.<\/p>\n","protected":false},"excerpt":{"rendered":"<p>El Presidente Gabriel Boric present\u00f3 \u201cChile Para Todas\u201d, un grupo de iniciativas y medidas concretas, intersectoriales, materiales, de corto y mediano plazo de ejecuci\u00f3n que ser\u00e1n realizadas por distintos Ministerios&#8230; <a class=\"read-more\" href=\"https:\/\/www.radiopresidenteibanez.cl\/web\/red-de-mentoras-del-ministerio-de-ciencia-es-parte-del-sello-chile-para-todas\/\">Leer m\u00e1s<\/a><\/p>\n","protected":false},"author":2,"featured_media":32643,"comment_status":"closed","ping_status":"closed","sticky":false,"template":"","format":"standard","meta":{"footnotes":""},"categories":[1],"tags":[],"class_list":["post-32642","post","type-post","status-publish","format-standard","has-post-thumbnail","hentry","category-cronica"],"_links":{"self":[{"href":"https:\/\/www.radiopresidenteibanez.cl\/web\/wp-json\/wp\/v2\/posts\/32642","targetHints":{"allow":["GET"]}}],"collection":[{"href":"https:\/\/www.radiopresidenteibanez.cl\/web\/wp-json\/wp\/v2\/posts"}],"about":[{"href":"https:\/\/www.radiopresidenteibanez.cl\/web\/wp-json\/wp\/v2\/types\/post"}],"author":[{"embeddable":true,"href":"https:\/\/www.radiopresidenteibanez.cl\/web\/wp-json\/wp\/v2\/users\/2"}],"replies":[{"embeddable":true,"href":"https:\/\/www.radiopresidenteibanez.cl\/web\/wp-json\/wp\/v2\/comments?post=32642"}],"version-history":[{"count":0,"href":"https:\/\/www.radiopresidenteibanez.cl\/web\/wp-json\/wp\/v2\/posts\/32642\/revisions"}],"wp:featuredmedia":[{"embeddable":true,"href":"https:\/\/www.radiopresidenteibanez.cl\/web\/wp-json\/wp\/v2\/media\/32643"}],"wp:attachment":[{"href":"https:\/\/www.radiopresidenteibanez.cl\/web\/wp-json\/wp\/v2\/media?parent=32642"}],"wp:term":[{"taxonomy":"category","embeddable":true,"href":"https:\/\/www.radiopresidenteibanez.cl\/web\/wp-json\/wp\/v2\/categories?post=32642"},{"taxonomy":"post_tag","embeddable":true,"href":"https:\/\/www.radiopresidenteibanez.cl\/web\/wp-json\/wp\/v2\/tags?post=32642"}],"curies":[{"name":"wp","href":"https:\/\/api.w.org\/{rel}","templated":true}]}}