{"id":32636,"date":"2022-09-09T11:53:00","date_gmt":"2022-09-09T14:53:00","guid":{"rendered":"https:\/\/www.radiopresidenteibanez.cl\/web\/?p=32636"},"modified":"2022-09-09T10:55:42","modified_gmt":"2022-09-09T13:55:42","slug":"anuncian-simulacro-de-desborde-rio-de-las-minas-para-el-29-de-septiembre","status":"publish","type":"post","link":"https:\/\/www.radiopresidenteibanez.cl\/web\/anuncian-simulacro-de-desborde-rio-de-las-minas-para-el-29-de-septiembre\/","title":{"rendered":"ANUNCIAN SIMULACRO DE DESBORDE RIO DE LAS MINAS PARA EL 29 DE SEPTIEMBRE"},"content":{"rendered":"\n<p>la Mesa Cuenca,\nencabezada por la Delegada Presidencial Regional, Luz Berm\u00fadez Sandoval, con el\nobjetivo de conocer detalles de la planificaci\u00f3n de simulacro que se realizar\u00e1\nel 29 de septiembre en nuestra ciudad.<\/p>\n\n\n\n<p>La actividad se ejecuta\npor primera vez en nuestro pa\u00eds y su importancia radica en que estos ensayos\npermiten identificar qu\u00e9 hacer y c\u00f3mo actuar en caso de una emergencia, como en\neste caso, el desborde del r\u00edo que cruza nuestra ciudad, y al respecto la\nDelegada Luz Berm\u00fadez, explic\u00f3 que \u201cse ha asumido esa experiencia con\nresponsabilidad, con aprendizaje, para lo cual se ha estado trabajando a trav\u00e9s\nde la Mesa Cuenca durante mucho tiempo de manera constante, no aislada y para\neso han estado participando distintos entes t\u00e9cnicos que han ayudado a prevenir\ny pensar en medidas de mitigaci\u00f3n ante un nuevo posible desastre de estas\ncaracter\u00edsticas. Este pr\u00f3ximo simulacro nos va a permitir poner en evaluaci\u00f3n\ntodas estas coordinaciones, poder ver algunos nudos cr\u00edticos y mejorar nuestra\npreparaci\u00f3n ante un eventual desastre\u201d.<\/p>\n\n\n\n<p>Es necesario comprobar con anticipaci\u00f3n si\nlas acciones que se han estado preparando son eficientes. En ese sentido, el Director de ONEMI, Juan Carlos Andrades, explica que \u201clas lecciones\naprendidas son precisamente de la situaci\u00f3n que tuvimos hace diez a\u00f1os atr\u00e1s,\ndonde se desbord\u00f3 el r\u00edo y aprendimos varias cosas. Desde ah\u00ed naci\u00f3 el\nmonitoreo que se realiza hoy en d\u00eda, un trabajo en una Mesa Cuenca, donde se\ntrabaja con los entes t\u00e9cnicos, como DOH, Carabineros, entre otros, en los\ndiferentes periodos del a\u00f1o.\u201d <\/p>\n\n\n\n<p>Adem\u00e1s, hemos\nestructurado un plan que est\u00e1 en funcionamiento para la evacuaci\u00f3n de un\nposible tsunami o una subida de mar, que es lo que realmente ocurrir\u00eda en la\nregi\u00f3n, por lo tanto tenemos que acostumbrar a nuestra poblaci\u00f3n a trabajar en\nforma distinta y a saber lo que tiene que hacer. Por ejemplo, qu\u00e9 pasa con los\nelectrodependientes, qu\u00e9 pasa con las personas postradas, qu\u00e9 pasa con los que\nest\u00e1n en un segundo, tercer piso, qu\u00e9 pasa con el plan de evacuaci\u00f3n de cada\nuno de los servicios, bancos, hoteles, hostales, que no tienen salidas de\nemergencia habilitadas, hay todo un tema que analizar y eso es lo que queremos\nlograr en este simulacro\u201d, puntualiza el Director Andrades.<\/p>\n\n\n\n<p>La poblaci\u00f3n\nser\u00e1 alertada a trav\u00e9s del sistema SAE, que ya ha sido probado en la regi\u00f3n y\nque llega con aviso a los celulares, pero tambi\u00e9n la Armada tiene relaci\u00f3n con\nel aviso a la comunidad. Comandante Bernhard Arentsen de la III Zona Naval,\nexplic\u00f3 que \u201cen el caso de la Armada, como integrante del Comit\u00e9 de Riesgos y\nDesastres, tenemos una participaci\u00f3n activa y estamos permanentemente prestos y\ndispuestos a aportar con personal y con medios, dentro de lo que tenemos\nestablecido, para apoyar las tareas que realiza ONEMI. El principal actor\ndentro de la Armada es la Autoridad mar\u00edtima, que como responsables del borde\ncostero tenemos que hacer la difusi\u00f3n de la alarma, para que la gente que vive\ncerca de la playa est\u00e9 informada de esta emergencia y pueda ir hacia los puntos\nque se establezcan de concentraci\u00f3n para evitar tener alg\u00fan da\u00f1o, o alg\u00fan caso\nlamentable por esta emergencia\u201d.<\/p>\n\n\n\n<p>La coordinaci\u00f3n\nes importante y necesaria, el Coronel&nbsp;de&nbsp;Carabineros, Edgardo&nbsp;Flores&nbsp;Rubio, indic\u00f3 que \u201cyo creo\nque esta es una gran oportunidad que se le est\u00e1 entregando a Punta Arenas, a\nlos diferentes servicios p\u00fablicos que vamos a interactuar ese d\u00eda, por cuanto\nvamos a practicar respecto a aquellas situaciones de fortaleza y tambi\u00e9n de las\ndebilidades que nosotros tengamos para poder mejorar. Esto, sin duda alguna,\nnos va a dar garant\u00edas que en un futuro, donde si ocurriera y poder interactuar\nadecuadamente con las personas que tengan que estar en un escenario de esta\nnaturaleza. Por lo tanto ha de ser un trabajo para Carabineros, cooperar en\ntodas estas materias, estar bien coordinados con ONEMI y nuestras autoridades\nlocales para poder tener un buen ejercicio\u201d.<\/p>\n\n\n\n<p>Se han modificado los planos de evacuaci\u00f3n,\nen atenci\u00f3n a las distintas realidades que hoy vive la cuenca, producto de los\ntrabajos de mitigaci\u00f3n que ha hecho la DOH, del levantamiento de puentes que ha\nhecho el Ministerio de Obras P\u00fablicas, y el mismo monitoreo que realiza\nSernageomin, al respecto la Directora regional de Obras\nHidr\u00e1ulicas del MOP, Ibis Rogel,&nbsp;\nmanifiesta que \u201cHay obras que se est\u00e1n ejecutando en este momento en las\nintersecciones, particularmente de calle Bories hasta Lautaro Navarro,&nbsp; es una reposici\u00f3n de losa como Direcci\u00f3n de\nObras Hidr\u00e1ulicas llevamos mucho tiempo haciendo conservaciones que apuntan\ndirectamente a tener la infraestructura necesaria requerida para ir mitigando y\nminimizando cualquier riesgo de inundaci\u00f3n, entonces, los trabajos que se est\u00e1n\nrealizando hoy d\u00eda por parte de la empresa Salfa apuntan a eso, a la reposici\u00f3n\nde una losa que est\u00e1 en las intersecciones de Carlos Bories, hasta Lautaro\nNavarro. Es una obra relativamente corta, porque apunta a ese segmento. Es\nbueno que nuestra poblaci\u00f3n est\u00e9 visualizando lo que ocurre con el r\u00edo y con\nlas obras que se est\u00e1n realizando\u201d.<\/p>\n\n\n\n<p>El simulacro recrear\u00e1 lo m\u00e1s ajustadamente\nposible, a lo que se enfrentar\u00eda la poblaci\u00f3n, por eso resulta importante\nevaluar hasta qu\u00e9 punto la comunidad se encuentra preparada para enfrentar una\nsituaci\u00f3n como esta que es totalmente probable y que normalmente cada cierta\ncantidad de a\u00f1os sucede.<\/p>\n","protected":false},"excerpt":{"rendered":"<p>la Mesa Cuenca, encabezada por la Delegada Presidencial Regional, Luz Berm\u00fadez Sandoval, con el objetivo de conocer detalles de la planificaci\u00f3n de simulacro que se realizar\u00e1 el 29 de septiembre&#8230; <a class=\"read-more\" href=\"https:\/\/www.radiopresidenteibanez.cl\/web\/anuncian-simulacro-de-desborde-rio-de-las-minas-para-el-29-de-septiembre\/\">Leer m\u00e1s<\/a><\/p>\n","protected":false},"author":2,"featured_media":32637,"comment_status":"closed","ping_status":"closed","sticky":false,"template":"","format":"standard","meta":{"footnotes":""},"categories":[1],"tags":[],"class_list":["post-32636","post","type-post","status-publish","format-standard","has-post-thumbnail","hentry","category-cronica"],"_links":{"self":[{"href":"https:\/\/www.radiopresidenteibanez.cl\/web\/wp-json\/wp\/v2\/posts\/32636","targetHints":{"allow":["GET"]}}],"collection":[{"href":"https:\/\/www.radiopresidenteibanez.cl\/web\/wp-json\/wp\/v2\/posts"}],"about":[{"href":"https:\/\/www.radiopresidenteibanez.cl\/web\/wp-json\/wp\/v2\/types\/post"}],"author":[{"embeddable":true,"href":"https:\/\/www.radiopresidenteibanez.cl\/web\/wp-json\/wp\/v2\/users\/2"}],"replies":[{"embeddable":true,"href":"https:\/\/www.radiopresidenteibanez.cl\/web\/wp-json\/wp\/v2\/comments?post=32636"}],"version-history":[{"count":0,"href":"https:\/\/www.radiopresidenteibanez.cl\/web\/wp-json\/wp\/v2\/posts\/32636\/revisions"}],"wp:featuredmedia":[{"embeddable":true,"href":"https:\/\/www.radiopresidenteibanez.cl\/web\/wp-json\/wp\/v2\/media\/32637"}],"wp:attachment":[{"href":"https:\/\/www.radiopresidenteibanez.cl\/web\/wp-json\/wp\/v2\/media?parent=32636"}],"wp:term":[{"taxonomy":"category","embeddable":true,"href":"https:\/\/www.radiopresidenteibanez.cl\/web\/wp-json\/wp\/v2\/categories?post=32636"},{"taxonomy":"post_tag","embeddable":true,"href":"https:\/\/www.radiopresidenteibanez.cl\/web\/wp-json\/wp\/v2\/tags?post=32636"}],"curies":[{"name":"wp","href":"https:\/\/api.w.org\/{rel}","templated":true}]}}