{"id":32627,"date":"2022-09-09T08:17:00","date_gmt":"2022-09-09T11:17:00","guid":{"rendered":"https:\/\/www.radiopresidenteibanez.cl\/web\/?p=32627"},"modified":"2022-09-09T08:10:59","modified_gmt":"2022-09-09T11:10:59","slug":"consejero-cardenas-pide-intermediar-en-alto-costo-de-pasajes-para-quienes-requieren-viajar-poe-motivos-de-salud","status":"publish","type":"post","link":"https:\/\/www.radiopresidenteibanez.cl\/web\/consejero-cardenas-pide-intermediar-en-alto-costo-de-pasajes-para-quienes-requieren-viajar-poe-motivos-de-salud\/","title":{"rendered":"CONSEJERO CARDENAS PIDE INTERMEDIAR EN ALTO COSTO DE PASAJES PARA QUIENES REQUIEREN VIAJAR POE MOTIVOS DE SALUD"},"content":{"rendered":"\n<p>Durante la \u00faltima sesi\u00f3n del Consejo Regional de Magallanes, el consejero por Tierra del Fuego, Rodolfo C\u00e1rdenas, abord\u00f3 dos \u00e1reas de gran relevancia para la regi\u00f3n, y que se encuentran claramente vinculadas, materias que revisten una directa afectaci\u00f3n en la vida para los magall\u00e1nicos, tanto en la proyecci\u00f3n del trabajo del sector turismo; as\u00ed como la conectividad mar\u00edtima y a\u00e9rea que presenta la provincia que representa, y en general la regi\u00f3n con el resto del pa\u00eds.<\/p>\n\n\n\n<p>C\u00e1rdenas manifest\u00f3 su preocupaci\u00f3n por el alto costo de los pasajes de las l\u00edneas \u00e1reas para entrar o salir de la regi\u00f3n, lo que afecta a los magall\u00e1nicos, en especial a las y los habitantes que deben salir a buscar diversas prestaciones de salud.<\/p>\n\n\n\n<p>Igual de importante -afirm\u00f3- es el impacto que dichos valores tienen en el \u00e1nimo de quienes deseen visitar la regi\u00f3n en la temporada estival que se acerca r\u00e1pidamente.<\/p>\n\n\n\n<p>Ante dicho panorama, el Core solicit\u00f3 que se oficie y se realicen las tratativas que correspondan con el Ministerio de Transporte, con Sernatur, y las respectivas secretar\u00edas ministeriales en la regi\u00f3n, con el fin de que se realicen las acciones que correspondan para abordar esta problem\u00e1tica.<\/p>\n\n\n\n<p>De paso, solicit\u00f3 se informen los avances de la iniciativa de promoci\u00f3n tur\u00edstica que se le financi\u00f3 a Sernatur con recursos econ\u00f3micos del Gobierno Regional, con la aprobaci\u00f3n del Core, que pretend\u00edan reforzar este sector de alto impacto en Magallanes.&nbsp;<\/p>\n\n\n\n<p>Otras de las l\u00edneas que ha sido abordada hace tiempo por los consejeros fueguinos Andr\u00e9s L\u00f3pez y Rodolfo C\u00e1rdenas, tiene relaci\u00f3n cona la conectividad mar\u00edtima entre la isla y el continente, tanto por sus costos como por frecuencias, a lo que se suma la particular situaci\u00f3n de conexi\u00f3n a\u00e9rea, por lo que pidi\u00f3 se solicite al ministro de Transporte y Telecomunicaciones, informe al Consejo Regional los resultados de los estudios que se iban a realizar para abordar esta situaci\u00f3n que afecta a la comunidad de Tierra del Fuego.<\/p>\n","protected":false},"excerpt":{"rendered":"<p>Durante la \u00faltima sesi\u00f3n del Consejo Regional de Magallanes, el consejero por Tierra del Fuego, Rodolfo C\u00e1rdenas, abord\u00f3 dos \u00e1reas de gran relevancia para la regi\u00f3n, y que se encuentran&#8230; <a class=\"read-more\" href=\"https:\/\/www.radiopresidenteibanez.cl\/web\/consejero-cardenas-pide-intermediar-en-alto-costo-de-pasajes-para-quienes-requieren-viajar-poe-motivos-de-salud\/\">Leer m\u00e1s<\/a><\/p>\n","protected":false},"author":2,"featured_media":32628,"comment_status":"closed","ping_status":"closed","sticky":false,"template":"","format":"standard","meta":{"footnotes":""},"categories":[1],"tags":[],"class_list":["post-32627","post","type-post","status-publish","format-standard","has-post-thumbnail","hentry","category-cronica"],"_links":{"self":[{"href":"https:\/\/www.radiopresidenteibanez.cl\/web\/wp-json\/wp\/v2\/posts\/32627","targetHints":{"allow":["GET"]}}],"collection":[{"href":"https:\/\/www.radiopresidenteibanez.cl\/web\/wp-json\/wp\/v2\/posts"}],"about":[{"href":"https:\/\/www.radiopresidenteibanez.cl\/web\/wp-json\/wp\/v2\/types\/post"}],"author":[{"embeddable":true,"href":"https:\/\/www.radiopresidenteibanez.cl\/web\/wp-json\/wp\/v2\/users\/2"}],"replies":[{"embeddable":true,"href":"https:\/\/www.radiopresidenteibanez.cl\/web\/wp-json\/wp\/v2\/comments?post=32627"}],"version-history":[{"count":0,"href":"https:\/\/www.radiopresidenteibanez.cl\/web\/wp-json\/wp\/v2\/posts\/32627\/revisions"}],"wp:featuredmedia":[{"embeddable":true,"href":"https:\/\/www.radiopresidenteibanez.cl\/web\/wp-json\/wp\/v2\/media\/32628"}],"wp:attachment":[{"href":"https:\/\/www.radiopresidenteibanez.cl\/web\/wp-json\/wp\/v2\/media?parent=32627"}],"wp:term":[{"taxonomy":"category","embeddable":true,"href":"https:\/\/www.radiopresidenteibanez.cl\/web\/wp-json\/wp\/v2\/categories?post=32627"},{"taxonomy":"post_tag","embeddable":true,"href":"https:\/\/www.radiopresidenteibanez.cl\/web\/wp-json\/wp\/v2\/tags?post=32627"}],"curies":[{"name":"wp","href":"https:\/\/api.w.org\/{rel}","templated":true}]}}