{"id":32622,"date":"2022-09-08T18:47:00","date_gmt":"2022-09-08T21:47:00","guid":{"rendered":"https:\/\/www.radiopresidenteibanez.cl\/web\/?p=32622"},"modified":"2022-09-08T16:49:08","modified_gmt":"2022-09-08T19:49:08","slug":"municipio-de-punta-arenas-invita-a-participar-de-nuevos-talleres-de-lengua-de-senas-para-ninos-y-adultos","status":"publish","type":"post","link":"https:\/\/www.radiopresidenteibanez.cl\/web\/municipio-de-punta-arenas-invita-a-participar-de-nuevos-talleres-de-lengua-de-senas-para-ninos-y-adultos\/","title":{"rendered":"Municipio de Punta Arenas invita a participar de nuevos talleres de Lengua de Se\u00f1as para ni\u00f1os y adultos"},"content":{"rendered":"\n<p>Este jueves (8 de septiembre) se abrir\u00e1n las inscripciones para dos nuevos talleres de Lengua de Se\u00f1as, para ni\u00f1os y adultos, organizados desde la Unidad de Discapacidad del Municipio de Punta Arenas, dependiente de la Direcci\u00f3n de Desarrollo Comunitario (Dideco).<\/p>\n\n\n\n<p><br>El objetivo de los talleres, que se realizar\u00e1n mayoritariamente v\u00eda online, es generar instancias de aprendizaje de la lengua madre de la comunidad sorda para contribuir con la inclusi\u00f3n a trav\u00e9s de la incorporaci\u00f3n de elementos de la lengua de se\u00f1as a nivel te\u00f3rico y pr\u00e1ctico.<br>Los talleres tienen cupos limitados, con capacidad para 160 personas, y se realizar\u00e1n en los siguientes horarios:<br>Ni\u00f1os: S\u00e1bados, de 19 a 21 horas, iniciando el 24 de septiembre.<br>Adultos: Lunes, de 17.30 a 19.30 horas, iniciando el 26 de septiembre.<br>Las tres primeras clases de cada taller se llevar\u00e1n a cabo de manera online, y la cuarta clase ser\u00e1 presencial, para realizar la evaluaci\u00f3n final y la entrega de diplomas.\u00a0<\/p>\n\n\n\n<p><br>Entre los contenidos, se contempla el abecedario dactilol\u00f3gico, saludos, pronombres personales y posesivos, preguntas, calendario (d\u00edas de la semana y meses del a\u00f1o), tiempo y espacio, verbos y vocabulario m\u00e1s utilizado.<\/p>\n\n\n\n<p><br>Los interesados podr\u00e1n inscribirse a trav\u00e9s de los siguientes formularios:<br>Para ni\u00f1os:\u00a0<a rel=\"noreferrer noopener\" href=\"https:\/\/docs.google.com\/forms\/d\/e\/1FAIpQLSfeeL_n-edHWoZ0Y1J_MkJ0_w-AGrQsO31iT1WFCpqOx7ZEvQ\/viewform?usp=sf_link\" target=\"_blank\">https:\/\/docs.google.com\/forms\/d\/e\/1FAIpQLSfeeL_n-edHWoZ0Y1J_MkJ0_w-AGrQsO31iT1WFCpqOx7ZEvQ\/viewform?usp=sf_link<\/a><br>Para adultos:\u00a0<a rel=\"noreferrer noopener\" href=\"https:\/\/docs.google.com\/forms\/d\/e\/1FAIpQLScCHIs8TwS2UWsfFkZgcys5DyFA39ooGu6x5rDyacV7eHZ29Q\/viewform?usp=sf_link\" target=\"_blank\">https:\/\/docs.google.com\/forms\/d\/e\/1FAIpQLScCHIs8TwS2UWsfFkZgcys5DyFA39ooGu6x5rDyacV7eHZ29Q\/viewform?usp=sf_link<\/a><\/p>\n","protected":false},"excerpt":{"rendered":"<p>Este jueves (8 de septiembre) se abrir\u00e1n las inscripciones para dos nuevos talleres de Lengua de Se\u00f1as, para ni\u00f1os y adultos, organizados desde la Unidad de Discapacidad del Municipio de&#8230; <a class=\"read-more\" href=\"https:\/\/www.radiopresidenteibanez.cl\/web\/municipio-de-punta-arenas-invita-a-participar-de-nuevos-talleres-de-lengua-de-senas-para-ninos-y-adultos\/\">Leer m\u00e1s<\/a><\/p>\n","protected":false},"author":2,"featured_media":32623,"comment_status":"closed","ping_status":"closed","sticky":false,"template":"","format":"standard","meta":{"footnotes":""},"categories":[1],"tags":[],"class_list":["post-32622","post","type-post","status-publish","format-standard","has-post-thumbnail","hentry","category-cronica"],"_links":{"self":[{"href":"https:\/\/www.radiopresidenteibanez.cl\/web\/wp-json\/wp\/v2\/posts\/32622","targetHints":{"allow":["GET"]}}],"collection":[{"href":"https:\/\/www.radiopresidenteibanez.cl\/web\/wp-json\/wp\/v2\/posts"}],"about":[{"href":"https:\/\/www.radiopresidenteibanez.cl\/web\/wp-json\/wp\/v2\/types\/post"}],"author":[{"embeddable":true,"href":"https:\/\/www.radiopresidenteibanez.cl\/web\/wp-json\/wp\/v2\/users\/2"}],"replies":[{"embeddable":true,"href":"https:\/\/www.radiopresidenteibanez.cl\/web\/wp-json\/wp\/v2\/comments?post=32622"}],"version-history":[{"count":0,"href":"https:\/\/www.radiopresidenteibanez.cl\/web\/wp-json\/wp\/v2\/posts\/32622\/revisions"}],"wp:featuredmedia":[{"embeddable":true,"href":"https:\/\/www.radiopresidenteibanez.cl\/web\/wp-json\/wp\/v2\/media\/32623"}],"wp:attachment":[{"href":"https:\/\/www.radiopresidenteibanez.cl\/web\/wp-json\/wp\/v2\/media?parent=32622"}],"wp:term":[{"taxonomy":"category","embeddable":true,"href":"https:\/\/www.radiopresidenteibanez.cl\/web\/wp-json\/wp\/v2\/categories?post=32622"},{"taxonomy":"post_tag","embeddable":true,"href":"https:\/\/www.radiopresidenteibanez.cl\/web\/wp-json\/wp\/v2\/tags?post=32622"}],"curies":[{"name":"wp","href":"https:\/\/api.w.org\/{rel}","templated":true}]}}