{"id":32616,"date":"2022-09-08T16:16:06","date_gmt":"2022-09-08T19:16:06","guid":{"rendered":"https:\/\/www.radiopresidenteibanez.cl\/web\/?p=32616"},"modified":"2022-09-08T16:16:14","modified_gmt":"2022-09-08T19:16:14","slug":"pequenos-ganaderos-de-indap-anhelan-una-mejora-de-los-precios-de-la-lana-tras-control-de-la-pandemia","status":"publish","type":"post","link":"https:\/\/www.radiopresidenteibanez.cl\/web\/pequenos-ganaderos-de-indap-anhelan-una-mejora-de-los-precios-de-la-lana-tras-control-de-la-pandemia\/","title":{"rendered":"Peque\u00f1os ganaderos de INDAP anhelan una mejora de los precios de la lana tras \u201ccontrol\u201d de la pandemia"},"content":{"rendered":"\n<p>La pandemia baj\u00f3 precios, paraliz\u00f3 ventas y afect\u00f3 directamente la realidad de los cerca de 23 usuarios ganaderos que asesora INDAP en Tierra del Fuego.&nbsp;&nbsp;Los productores de lana aseveran que el valor del fardo no condice con el trabajo y costos que demandan las faenas. Aun as\u00ed, est\u00e1n optimistas de un alza. Se trata de un grupo que maneja cerca de 26 mil ovejas madres en total.&nbsp;&nbsp;&nbsp;&nbsp;&nbsp;<\/p>\n\n\n\n<p>Luis Gallardo, junto a su padre, iniciaron la esquila de preparto, en la parcela Mart\u00edn Fierro, en el sector de Gente Grande, Tierra del Fuego. En dos d\u00edas, pasaron cerca de mil ovejas por el equipo que lidera Jorge Andrade.&nbsp;<\/p>\n\n\n\n<p>\u201cEl mercado lanero ha tenido sus complicaciones. Nos hemos preparado y tenemos una lana fina de 25 a 26 micras, en cruzas de carnero merino con corriedale (y viceversa). Se trata de una lana que fue bien vendible en el pasado. Esperamos una buena acogida este a\u00f1o\u201d, dijo Luis Gallardo. &nbsp;<\/p>\n\n\n\n<p>Cada fardo de lana pesa cerca de 200 kilos y el \u00faltimo precio vigente lleg\u00f3 a los 2 d\u00f3lares el kilo de base limpia. &nbsp;<\/p>\n\n\n\n<p>La demanda por esquila preparto aument\u00f3 este a\u00f1o, tras la baja sostenida de lo que signific\u00f3 la pandemia y las restricciones de movilidad. \u201cHoy, tenemos mucha demanda, cobramos cerca de 700 pesos por oveja esquilada y tardamos cerca de dos minutos como m\u00e1ximo en cada una\u201d, explic\u00f3 Jorge Andrade, experto en esquila de Tierra del Fuego, parte de su aprendizaje lo realiz\u00f3 en Nueva Zelanda.&nbsp;<\/p>\n\n\n\n<p>Mario Vera, ganadero del sector Gente Grande, ubicado a 20 kil\u00f3metros al norte de Porvenir, en Tierra del Fuego, declara que tiene fardos guardados de la temporada anterior. \u201cEst\u00e1 dif\u00edcil la cosa, hace rato hay problemas.&nbsp;&nbsp;Dos o tres a\u00f1os que no he vendido. Pero esto se va a tener que recuperar.&nbsp;&nbsp;Gracias a Dios que ha estado bueno el precio de la carne de cordero, y tengo forraje para mis animales y para vender el excedente, con eso se arregla uno bastante\u201d, precis\u00f3.&nbsp;<\/p>\n\n\n\n<p>Y es que Mario Vera, junto a Enrique Cuevas son pioneros en la siembra de alfalfa, avena y hoy nabo forrajero, para alimentar a los animales durante el invierno, mejorar las praderas y combatir la maleza pilosella o vellosilla (Hieracium pilosella).&nbsp;&nbsp;&nbsp;<\/p>\n\n\n\n<p>A la fecha los peque\u00f1os ganaderos usuarios de INDAP tienen m\u00e1s de 500 hect\u00e1reas sembradas.&nbsp;&nbsp;Para ello, realizan la siembra entre septiembre y octubre, cosechan generalmente en febrero y a partir de ah\u00ed est\u00e1n en condiciones de preparar fardos que, por lo general, pesan 20 a&nbsp;25 kilos, los que pueden alimentar a 6 a 8 ovejas al d\u00eda.&nbsp;<\/p>\n\n\n\n<p>Por su parte, el director regional (s) de INDAP, Gabriel Zegers, se\u00f1al\u00f3 la importancia de trabajar en generar instancias de asociatividad, que permitan negociar y conseguir mejores precios en el futuro.&nbsp;&nbsp;\u201cHay que trabajar el tema de manera coordinada, aprendiendo de los errores y buscando soluciones entre todos. Existe la experiencia local y nacional en cooperativismo, y si la necesidad existe, se evaluar\u00e1 caso a caso en coordinaci\u00f3n con otros servicios p\u00fablicos\u201d.&nbsp;<\/p>\n\n\n\n<p>A su vez, destac\u00f3 el trabajo de los ganaderos que aprovechan las herramientas que ofrece INDAP para mejorar las praderas y asegurar el alimento de los ovinos para los inviernos y primaveras dif\u00edciles. Incluso con la posibilidad de vender los excedentes. \u201cHoy no basta con la recuperaci\u00f3n natural de la pradera o pastizal. Es importante la preparaci\u00f3n de empastadas. Hemos logrado aumentar la productividad, el desaf\u00edo es seguir avanzando, y entusiasmando a nuestros usuarios de la importancia de recuperar la capacidad productiva de praderas, revertir su deterioro por manejos inadecuados, y mejorar las estrategias de pastoreo, con siembras que aporten de forma planificada a la alimentaci\u00f3n durante los periodos de pre\u00f1ez y lactancia\u201d, indic\u00f3.<br>Finalmente, destac\u00f3 el inter\u00e9s que demuestran los productores por modernizar los campos con tecnolog\u00eda ambientalmente amigable, como el uso de paneles solares, acumuladores de agua lluvia y otras iniciativas que dan un giro acorde con el cambio clim\u00e1tico y los desaf\u00edos ambientales.&nbsp;<\/p>\n","protected":false},"excerpt":{"rendered":"<p>La pandemia baj\u00f3 precios, paraliz\u00f3 ventas y afect\u00f3 directamente la realidad de los cerca de 23 usuarios ganaderos que asesora INDAP en Tierra del Fuego.&nbsp;&nbsp;Los productores de lana aseveran que&#8230; <a class=\"read-more\" href=\"https:\/\/www.radiopresidenteibanez.cl\/web\/pequenos-ganaderos-de-indap-anhelan-una-mejora-de-los-precios-de-la-lana-tras-control-de-la-pandemia\/\">Leer m\u00e1s<\/a><\/p>\n","protected":false},"author":2,"featured_media":32617,"comment_status":"closed","ping_status":"closed","sticky":false,"template":"","format":"standard","meta":{"footnotes":""},"categories":[1],"tags":[],"class_list":["post-32616","post","type-post","status-publish","format-standard","has-post-thumbnail","hentry","category-cronica"],"_links":{"self":[{"href":"https:\/\/www.radiopresidenteibanez.cl\/web\/wp-json\/wp\/v2\/posts\/32616","targetHints":{"allow":["GET"]}}],"collection":[{"href":"https:\/\/www.radiopresidenteibanez.cl\/web\/wp-json\/wp\/v2\/posts"}],"about":[{"href":"https:\/\/www.radiopresidenteibanez.cl\/web\/wp-json\/wp\/v2\/types\/post"}],"author":[{"embeddable":true,"href":"https:\/\/www.radiopresidenteibanez.cl\/web\/wp-json\/wp\/v2\/users\/2"}],"replies":[{"embeddable":true,"href":"https:\/\/www.radiopresidenteibanez.cl\/web\/wp-json\/wp\/v2\/comments?post=32616"}],"version-history":[{"count":0,"href":"https:\/\/www.radiopresidenteibanez.cl\/web\/wp-json\/wp\/v2\/posts\/32616\/revisions"}],"wp:featuredmedia":[{"embeddable":true,"href":"https:\/\/www.radiopresidenteibanez.cl\/web\/wp-json\/wp\/v2\/media\/32617"}],"wp:attachment":[{"href":"https:\/\/www.radiopresidenteibanez.cl\/web\/wp-json\/wp\/v2\/media?parent=32616"}],"wp:term":[{"taxonomy":"category","embeddable":true,"href":"https:\/\/www.radiopresidenteibanez.cl\/web\/wp-json\/wp\/v2\/categories?post=32616"},{"taxonomy":"post_tag","embeddable":true,"href":"https:\/\/www.radiopresidenteibanez.cl\/web\/wp-json\/wp\/v2\/tags?post=32616"}],"curies":[{"name":"wp","href":"https:\/\/api.w.org\/{rel}","templated":true}]}}