{"id":32610,"date":"2022-09-08T12:43:00","date_gmt":"2022-09-08T15:43:00","guid":{"rendered":"https:\/\/www.radiopresidenteibanez.cl\/web\/?p=32610"},"modified":"2022-09-08T11:26:53","modified_gmt":"2022-09-08T14:26:53","slug":"seremi-de-educacion-anuncio-la-destinacion-de-recursos-para-el-mejoramiento-de-infraestructura-de-emergencia-para-los-primeros-tres-establecimientos-educacionales-de-magallanes","status":"publish","type":"post","link":"https:\/\/www.radiopresidenteibanez.cl\/web\/seremi-de-educacion-anuncio-la-destinacion-de-recursos-para-el-mejoramiento-de-infraestructura-de-emergencia-para-los-primeros-tres-establecimientos-educacionales-de-magallanes\/","title":{"rendered":"Seremi de Educaci\u00f3n anunci\u00f3 la destinaci\u00f3n de recursos para el mejoramiento de infraestructura de emergencia para los primeros tres establecimientos educacionales de Magallanes"},"content":{"rendered":"\n<p>As\u00ed fue inform\u00f3 por el Seremi de Educaci\u00f3n de Magallanes, Valent\u00edn Aguilera G\u00f3mez, quien valor\u00f3 la adjudicaci\u00f3n de estos 3 primeros proyectos que permitir\u00e1n mejorar estos establecimientos.<\/p>\n\n\n\n<p>La primera adjudicaci\u00f3n de recursos permitir\u00e1 realizar mejoras urgentes en los establecimientos educacionales que presentan mayores necesidades, para resolver deterioros que ponen en riesgo el funcionamiento, como problemas sanitarios, el\u00e9ctricos, de habitabilidad y de condiciones de seguridad.<\/p>\n\n\n\n<p>En el caso de la&nbsp;<strong>Escuela Juan Ladrillero de Natales<\/strong>, se financiar\u00e1 el retiro completo del sistema el\u00e9ctrico actual, para dar paso a la adquisici\u00f3n y montaje de los elementos nuevos como alumbrado interior, exterior y de emergencia, adem\u00e1s de enchufes comunes y de fuerza, tablero de alumbrado, alimentadores, empalmes y malla de tierra. El monto total aprobado es de $204.515.187 y beneficiar\u00e1 a 506 estudiantes.<\/p>\n\n\n\n<p>Mientras que, en la&nbsp;<strong>Escuela Manuel Bulnes de Punta Arenas,<\/strong>&nbsp;se efectuar\u00e1 el mejoramiento del sistema de evacuaci\u00f3n de aguas lluvias que impedir\u00e1 que se aneguen los patios exteriores en los cuales circulan los estudiantes. El sistema estar\u00e1 conformado por c\u00e1maras de hormig\u00f3n y tuber\u00edas de PVC. La inversi\u00f3n tiene un costo de $44.773.824 y permitir\u00e1 que los 447 no vuelvan a pasar por inconvenientes cuando llueva.<\/p>\n\n\n\n<p>Finalmente, la<strong>&nbsp;Escuela Padre Alberto Hurtado tambi\u00e9n de Punta Arenas<\/strong>, ha sufrido por a\u00f1os el anegamiento del sector del gimnasio y el pabell\u00f3n ubicado en el lado norte del establecimiento.&nbsp;En dicho sector, las superficies que est\u00e1n sometidas al escurrimiento sostenido de las aguas lluvia que vienen desde el cerro ser\u00e1n mejoradas, de manera que la evacuaci\u00f3n de aguas lluvia pueda ser canalizada, sin que afecte aulas y ba\u00f1o del sector norponiente. A esta red se sumar\u00e1 la evacuaci\u00f3n de las aguas lluvia para eliminar el anegamiento en el patio exterior y el gimnasio, gracias a nuevas c\u00e1maras de hormig\u00f3n y tuber\u00edas de PVC, con un monto total de $46.648.595, para mejorar las salas de 577 alumnos.<\/p>\n\n\n\n<p>\u201cComo Ministerio de Educaci\u00f3n estamos avanzando en el mejoramiento de infraestructura que permita desarrollar el proceso educativo de manera continua para los ni\u00f1os, ni\u00f1as y j\u00f3venes. Este trabajo para pesquisar los problemas m\u00e1s urgentes, lo hemos desarrollado en conjunto con los sostenedores que han postulado a estos fondos de emergencia. La dignidad de los estudiantes es para nosotros un bien preciado y los aprendizajes, el bienestar, la salud mental y el clima escolar pasan tambi\u00e9n por otorgarle a ni\u00f1os, ni\u00f1as y j\u00f3venes una infraestructura adecuada, situaci\u00f3n de la cual nos estamos haciendo cargo. Tenemos el compromiso firme con la asignaci\u00f3n de los recursos, con buscar soluciones y, lo m\u00e1s importante, buscarlas en conjunto con las autoridades locales\u201d, a\u00f1adi\u00f3 el<strong>&nbsp;Seremi de Educaci\u00f3n Valent\u00edn Aguilera.<\/strong><\/p>\n\n\n\n<p>Junto a lo anterior, la autoridad aclar\u00f3 que estos tres proyectos de mejoramiento de infraestructura de emergencia se financian en el marco de la Pol\u00edtica de Reactivaci\u00f3n Educativa Integral \u201cSeamos Comunidad\u201d, fondos que apuntan a mejorar las condiciones en las que se desarrollan los procesos de aprendizaje de las y los estudiantes.<\/p>\n\n\n\n<p>Esta primera adjudicaci\u00f3n, que ir\u00e1 creciendo semana a semana, permitir\u00e1 realizar mejoras urgentes en estos 3 establecimientos educacionales, inversi\u00f3n que llega a los $295.937.606, para resolver los deterioros que ponen en riesgo el funcionamiento de los establecimientos educacionales, como problemas sanitarios, el\u00e9ctricos, de habitabilidad y de condiciones de seguridad.<\/p>\n\n\n\n<p>Adem\u00e1s de estos 3 proyectos que cuentan con recursos ya asignados, hay otra cartera que fueron presentados por la regi\u00f3n de Magallanes y que est\u00e1n en etapa de revisi\u00f3n, correcci\u00f3n y evaluaci\u00f3n por parte del Ministerio, los que podr\u00edan ser adjudicados progresivamente durante el segundo semestre.<\/p>\n","protected":false},"excerpt":{"rendered":"<p>As\u00ed fue inform\u00f3 por el Seremi de Educaci\u00f3n de Magallanes, Valent\u00edn Aguilera G\u00f3mez, quien valor\u00f3 la adjudicaci\u00f3n de estos 3 primeros proyectos que permitir\u00e1n mejorar estos establecimientos. La primera adjudicaci\u00f3n&#8230; <a class=\"read-more\" href=\"https:\/\/www.radiopresidenteibanez.cl\/web\/seremi-de-educacion-anuncio-la-destinacion-de-recursos-para-el-mejoramiento-de-infraestructura-de-emergencia-para-los-primeros-tres-establecimientos-educacionales-de-magallanes\/\">Leer m\u00e1s<\/a><\/p>\n","protected":false},"author":2,"featured_media":32611,"comment_status":"closed","ping_status":"closed","sticky":false,"template":"","format":"standard","meta":{"footnotes":""},"categories":[1],"tags":[],"class_list":["post-32610","post","type-post","status-publish","format-standard","has-post-thumbnail","hentry","category-cronica"],"_links":{"self":[{"href":"https:\/\/www.radiopresidenteibanez.cl\/web\/wp-json\/wp\/v2\/posts\/32610","targetHints":{"allow":["GET"]}}],"collection":[{"href":"https:\/\/www.radiopresidenteibanez.cl\/web\/wp-json\/wp\/v2\/posts"}],"about":[{"href":"https:\/\/www.radiopresidenteibanez.cl\/web\/wp-json\/wp\/v2\/types\/post"}],"author":[{"embeddable":true,"href":"https:\/\/www.radiopresidenteibanez.cl\/web\/wp-json\/wp\/v2\/users\/2"}],"replies":[{"embeddable":true,"href":"https:\/\/www.radiopresidenteibanez.cl\/web\/wp-json\/wp\/v2\/comments?post=32610"}],"version-history":[{"count":0,"href":"https:\/\/www.radiopresidenteibanez.cl\/web\/wp-json\/wp\/v2\/posts\/32610\/revisions"}],"wp:featuredmedia":[{"embeddable":true,"href":"https:\/\/www.radiopresidenteibanez.cl\/web\/wp-json\/wp\/v2\/media\/32611"}],"wp:attachment":[{"href":"https:\/\/www.radiopresidenteibanez.cl\/web\/wp-json\/wp\/v2\/media?parent=32610"}],"wp:term":[{"taxonomy":"category","embeddable":true,"href":"https:\/\/www.radiopresidenteibanez.cl\/web\/wp-json\/wp\/v2\/categories?post=32610"},{"taxonomy":"post_tag","embeddable":true,"href":"https:\/\/www.radiopresidenteibanez.cl\/web\/wp-json\/wp\/v2\/tags?post=32610"}],"curies":[{"name":"wp","href":"https:\/\/api.w.org\/{rel}","templated":true}]}}