{"id":32607,"date":"2022-09-08T11:16:05","date_gmt":"2022-09-08T14:16:05","guid":{"rendered":"https:\/\/www.radiopresidenteibanez.cl\/web\/?p=32607"},"modified":"2022-09-08T11:16:12","modified_gmt":"2022-09-08T14:16:12","slug":"invitan-a-organizaciones-ciudadanas-e-indigenas-a-postular-al-fondo-de-proteccion-ambiental-2023","status":"publish","type":"post","link":"https:\/\/www.radiopresidenteibanez.cl\/web\/invitan-a-organizaciones-ciudadanas-e-indigenas-a-postular-al-fondo-de-proteccion-ambiental-2023\/","title":{"rendered":"Invitan a organizaciones ciudadanas e ind\u00edgenas a postular al Fondo de Protecci\u00f3n Ambiental 2023"},"content":{"rendered":"\n<p>Hasta el 11 de\noctubre se puede postular al XXVI Concurso del Fondo de Protecci\u00f3n Ambiental\ndel Ministerio del Medio Ambiente. El FPA es el primer fondo concursable de\ncar\u00e1cter nacional con el que cuenta el Estado de Chile para apoyar proyectos\npresentados por organizaciones. Desde el a\u00f1o 1998 a la fecha, se han financiado\nm\u00e1s de 3.500 iniciativas a lo largo de todo el territorio nacional, por un\nmonto que supera los 19 mil millones de pesos. <\/p>\n\n\n\n<p>La Seremi del\nMedio Ambiente, Daniela Droguett Caro, invit\u00f3 a la comunidad de Magallanes a\ninformarse de este fondo y postular a las l\u00edneas de financiamiento. \u201c<em>Hace algunas semanas, la Ministra Maisa\nRojas anunci\u00f3 en Magallanes que se triplicaron los montos disponibles para el\nFondo de Protecci\u00f3n Ambiental. Esto\npermitir\u00e1 que organizaciones sociales puedan postular y financiar hasta\n$6.000.000 en distintos \u00e1mbitos a hacer proyectos que incorporen la educaci\u00f3n\nambiental como pilar transversal\u201d. <\/em><\/p>\n\n\n\n<p>El concurso -que\nva dirigido a organizaciones, comunidades, juntas de vecinos, centros de\nmadres, culturales y art\u00edsticos, entre otros- permite postular proyectos\nrelacionados con cambio clim\u00e1tico y descontaminaci\u00f3n ambiental; econom\u00eda circular\ny gesti\u00f3n de residuos; eficiencia h\u00eddrica y energ\u00e9tica; y valoraci\u00f3n y conservaci\u00f3n\nde la biodiversidad, entre otras.<\/p>\n\n\n\n<p>\u201cEn Magallanes\nse han financiado diversos proyectos presentados por la ciudadan\u00eda, como la\nformaci\u00f3n de l\u00edderes ambientales, invernaderos para clubes de adultos mayores u\norganizaciones sin fines de lucro como el Club de la Tercera Edad Los A\u00f1os\nDorados, Asociaci\u00f3n de Investigadores del Museo de Historia Natural de R\u00edo\nSeco, Agrupaci\u00f3n Ecol\u00f3gica Patag\u00f3nica, Centro de Padres Escuela Santiago\nBueras, entre otras\u201d, detall\u00f3 Droguett.<\/p>\n\n\n\n<p>Adem\u00e1s, la\nautoridad ambiental anunci\u00f3 que el pr\u00f3ximo mi\u00e9rcoles 14 de septiembre a las\n18:00 hrs. se realizar\u00e1 la capacitaci\u00f3n online<strong> \u00bfC\u00f3mo postular al Fondo de Proyecci\u00f3n Ambiental 2023?<\/strong> a cargo de\nKarina Bahamonde, Profesional de Educaci\u00f3n Ambiental y Participaci\u00f3n Ciudadana\nde la Seremi del Medio Ambiente.<\/p>\n\n\n\n<p>Para participar,\nse recomienda descargar y leer las bases en el sitio web <strong>fondos.mma.gob.cl<\/strong> y solicitar el link de conexi\u00f3n al correo\nelectr\u00f3nico <strong>oficinadepartesmagallanes@mma.gob.cl<\/strong><\/p>\n","protected":false},"excerpt":{"rendered":"<p>Hasta el 11 de octubre se puede postular al XXVI Concurso del Fondo de Protecci\u00f3n Ambiental del Ministerio del Medio Ambiente. El FPA es el primer fondo concursable de car\u00e1cter&#8230; <a class=\"read-more\" href=\"https:\/\/www.radiopresidenteibanez.cl\/web\/invitan-a-organizaciones-ciudadanas-e-indigenas-a-postular-al-fondo-de-proteccion-ambiental-2023\/\">Leer m\u00e1s<\/a><\/p>\n","protected":false},"author":2,"featured_media":32608,"comment_status":"closed","ping_status":"closed","sticky":false,"template":"","format":"standard","meta":{"footnotes":""},"categories":[1],"tags":[],"class_list":["post-32607","post","type-post","status-publish","format-standard","has-post-thumbnail","hentry","category-cronica"],"_links":{"self":[{"href":"https:\/\/www.radiopresidenteibanez.cl\/web\/wp-json\/wp\/v2\/posts\/32607","targetHints":{"allow":["GET"]}}],"collection":[{"href":"https:\/\/www.radiopresidenteibanez.cl\/web\/wp-json\/wp\/v2\/posts"}],"about":[{"href":"https:\/\/www.radiopresidenteibanez.cl\/web\/wp-json\/wp\/v2\/types\/post"}],"author":[{"embeddable":true,"href":"https:\/\/www.radiopresidenteibanez.cl\/web\/wp-json\/wp\/v2\/users\/2"}],"replies":[{"embeddable":true,"href":"https:\/\/www.radiopresidenteibanez.cl\/web\/wp-json\/wp\/v2\/comments?post=32607"}],"version-history":[{"count":0,"href":"https:\/\/www.radiopresidenteibanez.cl\/web\/wp-json\/wp\/v2\/posts\/32607\/revisions"}],"wp:featuredmedia":[{"embeddable":true,"href":"https:\/\/www.radiopresidenteibanez.cl\/web\/wp-json\/wp\/v2\/media\/32608"}],"wp:attachment":[{"href":"https:\/\/www.radiopresidenteibanez.cl\/web\/wp-json\/wp\/v2\/media?parent=32607"}],"wp:term":[{"taxonomy":"category","embeddable":true,"href":"https:\/\/www.radiopresidenteibanez.cl\/web\/wp-json\/wp\/v2\/categories?post=32607"},{"taxonomy":"post_tag","embeddable":true,"href":"https:\/\/www.radiopresidenteibanez.cl\/web\/wp-json\/wp\/v2\/tags?post=32607"}],"curies":[{"name":"wp","href":"https:\/\/api.w.org\/{rel}","templated":true}]}}