{"id":32604,"date":"2022-09-08T10:42:00","date_gmt":"2022-09-08T13:42:00","guid":{"rendered":"https:\/\/www.radiopresidenteibanez.cl\/web\/?p=32604"},"modified":"2022-09-08T18:16:40","modified_gmt":"2022-09-08T21:16:40","slug":"autoridades-regionales-dan-a-conocer-plan-chile-para-todas","status":"publish","type":"post","link":"https:\/\/www.radiopresidenteibanez.cl\/web\/autoridades-regionales-dan-a-conocer-plan-chile-para-todas\/","title":{"rendered":"AUTORIDADES REGIONALES DAN A CONOCER PLAN  CHILE PARA TODAS"},"content":{"rendered":"\n<p>El gobierno\npresent\u00f3 el Plan Chile Para Todas, en el marco de la promulgaci\u00f3n de la Ley de\nResponsabilidad Parental y Pago Efectivo de Pensi\u00f3n de Alimentos.<\/p>\n\n\n\n<p>A trav\u00e9s\ndel Plan Chile para Todas se busca visibilizar y agrupar iniciativas\nmateriales, concretas, intersectoriales, de corto y mediano plazo de ejecuci\u00f3n,\ncuyo p\u00fablico objetivo sean las mujeres. Durante los cuatro a\u00f1os de gobierno de\npresidente Boric se pretende construir pol\u00edticas p\u00fablicas con un objetivo\ntransversal: mejorar las condiciones de vida de todas las mujeres sin\ndiscriminaci\u00f3n.<\/p>\n\n\n\n<p>El Plan\nChile para Todas re\u00fane iniciativas que se han creado o fortalecido en el 2022 y\nque signifiquen un avance efectivo para la igualdad y justicia desde la\nperspectiva de g\u00e9nero.<\/p>\n\n\n\n<p>Desde el\nGobierno se inform\u00f3 que luego de un trabajo prelegislativo que alcanz\u00f3 apoyo\ntransversal y votaci\u00f3n un\u00e1nime, se logr\u00f3 aprobar en el Congreso la ley de\nResponsabilidad parental y pago efectivo de deudas por pensiones de alimentos,\nque vendr\u00e1 a dar soluci\u00f3n a cientos de miles de mujeres que hasta hoy han\ndebido asumir en soledad la demanda de lo que es un derecho de toda ni\u00f1a, ni\u00f1o\ny adolescente y la persecuci\u00f3n de informaci\u00f3n financiera de los deudores de\npensiones de alimentos.<\/p>\n\n\n\n<p>La Delegada Presidencial Regional, Luz Berm\u00fadez Sandoval, expres\u00f3 que el Plan Chile Para Todas, \u201ces de suma importancia para nosotros como Gobierno ya que busca transversalizar una pol\u00edtica de g\u00e9nero. Cuando hablamos de equidad de g\u00e9nero tenemos que verlo en todas las \u00e1reas y si decidimos definirnos como gobierno feminista, tenemos el desaf\u00edo de poder entender que la desigualdad de g\u00e9nero, no es algo que tiene que resolver un ministerio, sino que tenemos que hacernos cargo todos como gobierno y aqu\u00ed nos encontramos con un plan de distintos aspectos que van a mejorar la calidad de vida y van a las brechas que hemos tenido hist\u00f3ricamente las mujeres\u00bb.<\/p>\n\n\n\n<p>Por su parte, la Seremi de la Mujer\ny EG Alejandra Ruiz Ovando dijo al respecto que, se est\u00e1 trabajando desde todos\nlos ministerios, en una agenda en la que destacan iniciativas que, en conjunto,\napuntan a alivianar la carga diaria que soportan las mujeres de nuestro pa\u00eds,\nas\u00ed como mejorar su vida cotidiana. Medidas para redistribuir las\nresponsabilidades de cuidado y mejorar los niveles de participaci\u00f3n laboral de\nlas mujeres en el contexto del Proyecto de Ley de 40 horas; medidas para la\nempleabilidad y apertura de sectores de la econom\u00eda masculinizados como la\nconstrucci\u00f3n, el transporte y la miner\u00eda.<\/p>\n\n\n\n<p>\u00abQueremos construir un pa\u00eds\ndonde las mujeres vivan bien, se sientan seguras, libres y con el poder para\ndefinir sus proyectos de vida. Un pa\u00eds que avance en igualdad y equidad, que\ncuide sus derechos y les otorgue las mismas oportunidades que a sus pares\nhombres.\u00bb dijo Alejandra Ruiz Ovando.<\/p>\n\n\n\n<p>En tanto Andrea Bluck,\nrepresentante de Abogadas Feministas manifest\u00f3 la satisfacci\u00f3n de la Asociaci\u00f3n\npor la puesta en marcha de el Plan Chile para Todas porque \u00e9ste empieza a\ncumplir con esta necesidad de que sean todas las normativas, no solamente las leyes,\nlas que incorporen la perspectiva de g\u00e9nero, sino que esta mirada se encuentre\nen todas las \u00e1reas. \u00ab\u2026Desde las infraestructuras, desde c\u00f3mo se crean las\ncalles, c\u00f3mo se planifican los paraderos\u2026 hasta cosas m\u00e1s sentidas como la Ley\nde Pensi\u00f3n de Alimentos, porque, son adem\u00e1s de derechos de las mujeres,\nderechos de ni\u00f1as, ni\u00f1os y adolescentes\u00bb.<\/p>\n\n\n\n<p>MEDIDAS CHILE PARA TODAS EN MAGALLANES<\/p>\n\n\n\n<p>En Magallanes y Ant\u00e1rtica Chilena, el Plan Chile Para Todas se est\u00e1 aplicando en los siguientes puntos:<\/p>\n\n\n\n<p>&#8211; <strong>Ley de Responsabilidad\nParental<\/strong>.&nbsp; (Publicada en el Diario\nOficial)<\/p>\n\n\n\n<p>&#8211; Registro Nacional de Deudores de\nPensiones de Alimentos. Implementado por el Ministerio de Justicia y Derechos\nHumanos.<\/p>\n\n\n\n<p>En el mes de noviembre se pone en\nmarcha en todo el territorio.<\/p>\n\n\n\n<p><strong>&#8211; Para apoyar a las personas\ncuidadoras.<\/strong><\/p>\n\n\n\n<p>En el marco del proyecto de Ley de\n40 horas, en la Regi\u00f3n se han certificado de manera voluntaria 4 empresas:\nContador Marcos Alvarado, Agua Q3, Teslak, entre otras.<\/p>\n\n\n\n<p>Mencionar que existen varios\nservicios p\u00fablicos, que cuentan con horarios flexibles, que permite\ncompatibilizar la vida familiar y el trabajo.<\/p>\n\n\n\n<p>Horarios de entrada en bandas de horarios\nadaptables y diferenciados para personas cuidadoras de ni\u00f1as\/os menores de 12\na\u00f1os (PDL 40 horas). <\/p>\n\n\n\n<p>Permisos especiales para personas\ncuidadoras de ni\u00f1as\/os menores de 12 a\u00f1os (PDL 40 horas).<\/p>\n\n\n\n<p>Reducci\u00f3n de jornada laboral para\ntrabajadoras de casa particular.<\/p>\n\n\n\n<p>Todas estas medidas, se encuentran\nen la agenda legislativa del Presidente Gabriel Boric Font.<\/p>\n\n\n\n<p><strong>&#8211; Fomento al empleo.<\/strong><\/p>\n\n\n\n<p>Mujeres Constructoras: Capacitaci\u00f3n\ne intermediaci\u00f3n laboral de 8.000 puestos de trabajo, en el marco del Plan de Emergencia\nHabitacional.<\/p>\n\n\n\n<p>Red de Mentoras para liderazgos\nfeministas. (Ministerio de Ciencia, Tecnolog\u00eda, Conocimiento e Innovaci\u00f3n)<\/p>\n\n\n\n<p><strong>&#8211; Para apoyar emprendimientos.<\/strong><\/p>\n\n\n\n<p>&#8211; Premio InspiraTEC, Apoyo a micro, peque\u00f1as y medianas empresas lideradas por mujeres, 57 beneficiarias a trav\u00e9s de CORFO, para este a\u00f1o, entre otros instrumentos de la Red de Fomento Productivo.<\/p>\n\n\n\n<p>M\u00e1s detalles e informaci\u00f3n de estas\nmedidas se pueden consultar en La Secretar\u00eda Regional del Ministerio de la\nMujer y Equidad de G\u00e9nero de Magallanes, Jos\u00e9 Nogueira 1370, Punta Arenas y\ntambi\u00e9n en los correos oirs.magallanes@minmujeryeg.gob.cl &nbsp;seremi.magallanes.minmujeryeg.gob.cl<\/p>\n\n\n\n<p>El detalle de todas las medidas del Plan Chile para Todas se encuentra en la p\u00e1gina web <a href=\"https:\/\/www.gob.cl\/chileparatodas\/\">https:\/\/www.gob.cl\/chileparatodas\/ <\/a><\/p>\n","protected":false},"excerpt":{"rendered":"<p>El gobierno present\u00f3 el Plan Chile Para Todas, en el marco de la promulgaci\u00f3n de la Ley de Responsabilidad Parental y Pago Efectivo de Pensi\u00f3n de Alimentos. A trav\u00e9s del&#8230; <a class=\"read-more\" href=\"https:\/\/www.radiopresidenteibanez.cl\/web\/autoridades-regionales-dan-a-conocer-plan-chile-para-todas\/\">Leer m\u00e1s<\/a><\/p>\n","protected":false},"author":2,"featured_media":32605,"comment_status":"closed","ping_status":"closed","sticky":false,"template":"","format":"standard","meta":{"footnotes":""},"categories":[1],"tags":[],"class_list":["post-32604","post","type-post","status-publish","format-standard","has-post-thumbnail","hentry","category-cronica"],"_links":{"self":[{"href":"https:\/\/www.radiopresidenteibanez.cl\/web\/wp-json\/wp\/v2\/posts\/32604","targetHints":{"allow":["GET"]}}],"collection":[{"href":"https:\/\/www.radiopresidenteibanez.cl\/web\/wp-json\/wp\/v2\/posts"}],"about":[{"href":"https:\/\/www.radiopresidenteibanez.cl\/web\/wp-json\/wp\/v2\/types\/post"}],"author":[{"embeddable":true,"href":"https:\/\/www.radiopresidenteibanez.cl\/web\/wp-json\/wp\/v2\/users\/2"}],"replies":[{"embeddable":true,"href":"https:\/\/www.radiopresidenteibanez.cl\/web\/wp-json\/wp\/v2\/comments?post=32604"}],"version-history":[{"count":0,"href":"https:\/\/www.radiopresidenteibanez.cl\/web\/wp-json\/wp\/v2\/posts\/32604\/revisions"}],"wp:featuredmedia":[{"embeddable":true,"href":"https:\/\/www.radiopresidenteibanez.cl\/web\/wp-json\/wp\/v2\/media\/32605"}],"wp:attachment":[{"href":"https:\/\/www.radiopresidenteibanez.cl\/web\/wp-json\/wp\/v2\/media?parent=32604"}],"wp:term":[{"taxonomy":"category","embeddable":true,"href":"https:\/\/www.radiopresidenteibanez.cl\/web\/wp-json\/wp\/v2\/categories?post=32604"},{"taxonomy":"post_tag","embeddable":true,"href":"https:\/\/www.radiopresidenteibanez.cl\/web\/wp-json\/wp\/v2\/tags?post=32604"}],"curies":[{"name":"wp","href":"https:\/\/api.w.org\/{rel}","templated":true}]}}