{"id":32601,"date":"2022-09-08T09:27:00","date_gmt":"2022-09-08T12:27:00","guid":{"rendered":"https:\/\/www.radiopresidenteibanez.cl\/web\/?p=32601"},"modified":"2022-09-08T08:51:15","modified_gmt":"2022-09-08T11:51:15","slug":"maria-luz-gajardo-asumio-como-directora-regional-de-serviu","status":"publish","type":"post","link":"https:\/\/www.radiopresidenteibanez.cl\/web\/maria-luz-gajardo-asumio-como-directora-regional-de-serviu\/","title":{"rendered":"Maria Luz Gajardo asumi\u00f3 como directora regional de Serviu"},"content":{"rendered":"\n<figure class=\"wp-block-table\"><table class=\"\"><tbody><tr><td>Con el compromiso de trabajar en equipo y de manera participativa con los funcionarios y funcionarias de Serviu y la Seremi de Vivienda y Urbanismo, asumi\u00f3 sus funciones la directora regional del Servicio de Vivienda y Urbanizaci\u00f3n (Serviu), Mar\u00eda Luz Gajardo Salazar.La nueva directora de Serviu Magallanes, inici\u00f3 su trabajo el d\u00eda 6 de septiembre, en una jornada que comenz\u00f3 con su presentaci\u00f3n al seremi de Vivienda y Urbanismo Marco Uribe, para luego reunirse con los jefes de departamento de Serviu a fin de conocer el estado del Servicio en cuanto a la gesti\u00f3n interna y la ejecuci\u00f3n de obras. Asimismo, sostuvo un encuentro con la Asociaci\u00f3n de Funcionarios Minvu Serviu.Durante la jornada tuvo un encuentro con los m\u00e1s de 100 funcionarios y funcionarias de Serviu de Punta Arenas a quienes les manifest\u00f3 \u201cel entusiasmo que me genera el desaf\u00edo de liderar la gesti\u00f3n para dar soluciones habitacionales y desarrollar una planificaci\u00f3n urbana acorde a una Regi\u00f3n que crece\u201d. Junto con esto, fue enf\u00e1tica en se\u00f1alar que \u201ctrabajar\u00e9 por promover un clima interno de trabajo respetuoso y en equipo, porque si no funcionamos de esta manera, se nota\u201d.Maria Luz Gajardo tambi\u00e9n realiz\u00f3 saludos protocolares a la delegada presidencial Luz Berm\u00fadez y al Gobernador Regional Jorge Flies con quien convers\u00f3 sobre las prioridades para la Regi\u00f3n en materias que son necesarias de abordar, tanto en \u00e1mbito urbano, como habitacional y destac\u00f3 los desaf\u00edos del Convenio de Programaci\u00f3n.La nueva directora de Serviu Magallanes, de profesi\u00f3n abogada, cuenta con una amplia trayectoria en el servicio p\u00fablico, desarrollando su carrera en la Regi\u00f3n del B\u00edo B\u00edo, donde fue seremi de Bienes Nacionales, seremi de Desarrollo Social y directora regional de Serviu entre los a\u00f1os 2015 y 2018.<\/td><\/tr><\/tbody><\/table><\/figure>\n","protected":false},"excerpt":{"rendered":"<p>Con el compromiso de trabajar en equipo y de manera participativa con los funcionarios y funcionarias de Serviu y la Seremi de Vivienda y Urbanismo, asumi\u00f3 sus funciones la directora&#8230; <a class=\"read-more\" href=\"https:\/\/www.radiopresidenteibanez.cl\/web\/maria-luz-gajardo-asumio-como-directora-regional-de-serviu\/\">Leer m\u00e1s<\/a><\/p>\n","protected":false},"author":2,"featured_media":32602,"comment_status":"closed","ping_status":"closed","sticky":false,"template":"","format":"standard","meta":{"footnotes":""},"categories":[1],"tags":[],"class_list":["post-32601","post","type-post","status-publish","format-standard","has-post-thumbnail","hentry","category-cronica"],"_links":{"self":[{"href":"https:\/\/www.radiopresidenteibanez.cl\/web\/wp-json\/wp\/v2\/posts\/32601","targetHints":{"allow":["GET"]}}],"collection":[{"href":"https:\/\/www.radiopresidenteibanez.cl\/web\/wp-json\/wp\/v2\/posts"}],"about":[{"href":"https:\/\/www.radiopresidenteibanez.cl\/web\/wp-json\/wp\/v2\/types\/post"}],"author":[{"embeddable":true,"href":"https:\/\/www.radiopresidenteibanez.cl\/web\/wp-json\/wp\/v2\/users\/2"}],"replies":[{"embeddable":true,"href":"https:\/\/www.radiopresidenteibanez.cl\/web\/wp-json\/wp\/v2\/comments?post=32601"}],"version-history":[{"count":0,"href":"https:\/\/www.radiopresidenteibanez.cl\/web\/wp-json\/wp\/v2\/posts\/32601\/revisions"}],"wp:featuredmedia":[{"embeddable":true,"href":"https:\/\/www.radiopresidenteibanez.cl\/web\/wp-json\/wp\/v2\/media\/32602"}],"wp:attachment":[{"href":"https:\/\/www.radiopresidenteibanez.cl\/web\/wp-json\/wp\/v2\/media?parent=32601"}],"wp:term":[{"taxonomy":"category","embeddable":true,"href":"https:\/\/www.radiopresidenteibanez.cl\/web\/wp-json\/wp\/v2\/categories?post=32601"},{"taxonomy":"post_tag","embeddable":true,"href":"https:\/\/www.radiopresidenteibanez.cl\/web\/wp-json\/wp\/v2\/tags?post=32601"}],"curies":[{"name":"wp","href":"https:\/\/api.w.org\/{rel}","templated":true}]}}