{"id":32582,"date":"2022-09-07T12:33:00","date_gmt":"2022-09-07T15:33:00","guid":{"rendered":"https:\/\/www.radiopresidenteibanez.cl\/web\/?p=32582"},"modified":"2022-09-07T11:37:36","modified_gmt":"2022-09-07T14:37:36","slug":"mateo-martinic-y-liliana-ortiz-son-los-primeros-directores-de-la-cormag","status":"publish","type":"post","link":"https:\/\/www.radiopresidenteibanez.cl\/web\/mateo-martinic-y-liliana-ortiz-son-los-primeros-directores-de-la-cormag\/","title":{"rendered":"MATEO MARTINIC y LILIANA ORTIZ SON LOS PRIMEROS DIRECTORES DE LA CORMAG"},"content":{"rendered":"\n<p>De manera un\u00e1nime, en la \u00faltima sesi\u00f3n del Consejo Regional\nde Magallanes y de la Ant\u00e1rtica Chilena, el cuerpo colegiado aprob\u00f3 como\ndirectores de la Cormag a Mateo Martinic y a Liliana Ortiz. <\/p>\n\n\n\n<p>\u201cEstamos muy contentos. Liliana Ortiz tiene una amplia\ntrayectoria en el \u00e1mbito de fomento y don Mateo es parte del patrimonio de la\nregi\u00f3n y queremos que sea parte activa de la toma de decisiones de la\nCorporaci\u00f3n de Magallanes. Son personas ampliamente conocidas en el \u00e1mbito y\ncon gran visi\u00f3n social\u201d destac\u00f3 el Gobernador Flies. <\/p>\n\n\n\n<p>Adem\u00e1s, Andrea Pivcevic e Ignacio Quijada fueron\nconfirmados como directores suplentes de la corporaci\u00f3n. <\/p>\n\n\n\n<p>\u201cLos directores van a administrar los bienes y patrimonios\nde la corporaci\u00f3n, pero tambi\u00e9n dar las directrices, las l\u00edneas de acci\u00f3n,\norientar el trabajo que har\u00e1n y ser finalmente los depositarios de la\nresponsabilidad\u201d coment\u00f3 Christian Garc\u00eda, Administrador Regional. <\/p>\n\n\n\n<p>Estos dos nombres se suman al del Gobernador Jorge Flies\ncomo representantes y los tres restantes se escoger\u00e1n en la primera asamblea de\nsocios a realizarse a fines de septiembre. <\/p>\n","protected":false},"excerpt":{"rendered":"<p>De manera un\u00e1nime, en la \u00faltima sesi\u00f3n del Consejo Regional de Magallanes y de la Ant\u00e1rtica Chilena, el cuerpo colegiado aprob\u00f3 como directores de la Cormag a Mateo Martinic y&#8230; <a class=\"read-more\" href=\"https:\/\/www.radiopresidenteibanez.cl\/web\/mateo-martinic-y-liliana-ortiz-son-los-primeros-directores-de-la-cormag\/\">Leer m\u00e1s<\/a><\/p>\n","protected":false},"author":2,"featured_media":32583,"comment_status":"closed","ping_status":"closed","sticky":false,"template":"","format":"standard","meta":{"footnotes":""},"categories":[1],"tags":[],"class_list":["post-32582","post","type-post","status-publish","format-standard","has-post-thumbnail","hentry","category-cronica"],"_links":{"self":[{"href":"https:\/\/www.radiopresidenteibanez.cl\/web\/wp-json\/wp\/v2\/posts\/32582","targetHints":{"allow":["GET"]}}],"collection":[{"href":"https:\/\/www.radiopresidenteibanez.cl\/web\/wp-json\/wp\/v2\/posts"}],"about":[{"href":"https:\/\/www.radiopresidenteibanez.cl\/web\/wp-json\/wp\/v2\/types\/post"}],"author":[{"embeddable":true,"href":"https:\/\/www.radiopresidenteibanez.cl\/web\/wp-json\/wp\/v2\/users\/2"}],"replies":[{"embeddable":true,"href":"https:\/\/www.radiopresidenteibanez.cl\/web\/wp-json\/wp\/v2\/comments?post=32582"}],"version-history":[{"count":0,"href":"https:\/\/www.radiopresidenteibanez.cl\/web\/wp-json\/wp\/v2\/posts\/32582\/revisions"}],"wp:featuredmedia":[{"embeddable":true,"href":"https:\/\/www.radiopresidenteibanez.cl\/web\/wp-json\/wp\/v2\/media\/32583"}],"wp:attachment":[{"href":"https:\/\/www.radiopresidenteibanez.cl\/web\/wp-json\/wp\/v2\/media?parent=32582"}],"wp:term":[{"taxonomy":"category","embeddable":true,"href":"https:\/\/www.radiopresidenteibanez.cl\/web\/wp-json\/wp\/v2\/categories?post=32582"},{"taxonomy":"post_tag","embeddable":true,"href":"https:\/\/www.radiopresidenteibanez.cl\/web\/wp-json\/wp\/v2\/tags?post=32582"}],"curies":[{"name":"wp","href":"https:\/\/api.w.org\/{rel}","templated":true}]}}