{"id":3256,"date":"2019-04-11T14:46:34","date_gmt":"2019-04-11T14:46:34","guid":{"rendered":"http:\/\/www.radiopresidenteibanez.cl\/web\/?p=3256"},"modified":"2019-04-11T14:47:11","modified_gmt":"2019-04-11T14:47:11","slug":"en-las-delicias-de-patika-la-gobernadora-ana-mayorga-invito-a-la-comunidad-a-postular-a-los-fondos-de-la-conadi","status":"publish","type":"post","link":"https:\/\/www.radiopresidenteibanez.cl\/web\/en-las-delicias-de-patika-la-gobernadora-ana-mayorga-invito-a-la-comunidad-a-postular-a-los-fondos-de-la-conadi\/","title":{"rendered":"EN \u201cLAS DELICIAS DE PATIKA\u201d LA GOBERNADORA ANA MAYORGA INVIT\u00d3 A LA COMUNIDAD A POSTULAR A LOS FONDOS DE LA CONADI"},"content":{"rendered":"\n<p>\u201cLas Delicias de Patika\u201d fue el\nemprendimiento elegido para invitar a todos los emprendedores con acreditaci\u00f3n\nind\u00edgena, que tengan un negocio establecido o idea de emprendimiento para echar\na volar sus sue\u00f1os a trav\u00e9s de los Fondos de Conadi. <\/p>\n\n\n\n<p>&nbsp;&nbsp;&nbsp;&nbsp;&nbsp;&nbsp;&nbsp;&nbsp;&nbsp;&nbsp;&nbsp;&nbsp;&nbsp; La\nGobernadora Ana Mayorga, en visita a este emprendimiento, indic\u00f3 que \u201cya se\ninici\u00f3 el proceso de postulaci\u00f3n hasta fines del mes de abril, por lo tanto la\ninvitaci\u00f3n es a utilizar estos fondos, a postular porque con con ella podemos\ndar fe y podemos dar cuenta c\u00f3mo estos fondos ayudan a un emprendimiento a\nsalir adelante, a proyectar los sue\u00f1os, a hacerlos realidad. Estamos muy\ncontentos porque estos fondos, que provienen de la Conadi, son bien utilizados\ny se puede ver de qu\u00e9 manera un emprendimiento, con un empujoncito, en este\ncaso de la Conadi, pudo sacar adelante su negocio\u201d. <\/p>\n\n\n\n<p>&nbsp;&nbsp;&nbsp;&nbsp;&nbsp;&nbsp;&nbsp;&nbsp;&nbsp;&nbsp;&nbsp;&nbsp;&nbsp; La\ncreadora de \u201cLas Delicias de Patika\u201d, Patricia Mu\u00f1oz Calbuyahue cont\u00f3 un poco\nde qu\u00e9 manera naci\u00f3 su emprendimiento: \u201cLlevo cinco a\u00f1os trabajando de forma\nindependiente desde que soy mam\u00e1 y adem\u00e1s siempre me ha gustado la pasteler\u00eda y\ndesde que soy mam\u00e1 me cost\u00f3 salir a trabajar, as\u00ed es que un d\u00eda dije voy a\nempezar a vender dulces y de ah\u00ed ya no par\u00e9 m\u00e1s. De a poquito me he hecho\nconocida en la comuna, tengo bastante clientela\u201d.<\/p>\n\n\n\n<p>Patricia\nadem\u00e1s, invit\u00f3 a todos los emprendedores a postular a estos fondos,\nconfidenciando que \u201chab\u00eda postulado varias veces y nunca hab\u00eda salido, pero\nnunca tir\u00e9 la esponja y segu\u00ed, hasta que el a\u00f1o pasado sal\u00ed beneficiada con\neste fondo de Conadi. Con esto pude ampliar mi cocina, ampliarme en todo\nsentido, en espacio, en equipos, con hornos m\u00e1s grandes, batidoras m\u00e1s grandes,\nm\u00e1quinas nuevas, y en eso me ayud\u00f3 mucho Conadi e invito a todos a los que\ntienen un negocio o que ya tienen su idea de negocio a postular, a intentarlo y\nsi no sale, no importa, sigan y sigan porque los sue\u00f1os se cumplen\u201d.<\/p>\n\n\n\n<p>La jefa provincial aprovech\u00f3 para entregar a Patricia la gu\u00eda de fondos concursables para este a\u00f1o 2019. Las bases para la postulaci\u00f3n a los Fondos de Conadi se encuentran en la Oficina PIDI en la Gobernaci\u00f3n Provincial, disponibles todos los d\u00edas hasta las 13.30. Recordar que estos fondos entregan hasta 3 millones y medio para los emprendedores que salgan beneficiados con sus ideas.<\/p>\n\n\n\n<figure class=\"wp-block-image\"><img loading=\"lazy\" decoding=\"async\" width=\"1024\" height=\"768\" src=\"https:\/\/www.radiopresidenteibanez.cl\/web\/wp-content\/uploads\/2019\/04\/WhatsApp-Image-2019-04-11-at-09.54.42-2-1024x768.jpeg\" alt=\"\" class=\"wp-image-3257\" srcset=\"https:\/\/www.radiopresidenteibanez.cl\/web\/wp-content\/uploads\/2019\/04\/WhatsApp-Image-2019-04-11-at-09.54.42-2-1024x768.jpeg 1024w, https:\/\/www.radiopresidenteibanez.cl\/web\/wp-content\/uploads\/2019\/04\/WhatsApp-Image-2019-04-11-at-09.54.42-2-300x225.jpeg 300w, https:\/\/www.radiopresidenteibanez.cl\/web\/wp-content\/uploads\/2019\/04\/WhatsApp-Image-2019-04-11-at-09.54.42-2-768x576.jpeg 768w, https:\/\/www.radiopresidenteibanez.cl\/web\/wp-content\/uploads\/2019\/04\/WhatsApp-Image-2019-04-11-at-09.54.42-2.jpeg 1280w\" sizes=\"auto, (max-width: 1024px) 100vw, 1024px\" \/><\/figure>\n","protected":false},"excerpt":{"rendered":"<p>\u201cLas Delicias de Patika\u201d fue el emprendimiento elegido para invitar a todos los emprendedores con acreditaci\u00f3n ind\u00edgena, que tengan un negocio establecido o idea de emprendimiento para echar a volar&#8230; <a class=\"read-more\" href=\"https:\/\/www.radiopresidenteibanez.cl\/web\/en-las-delicias-de-patika-la-gobernadora-ana-mayorga-invito-a-la-comunidad-a-postular-a-los-fondos-de-la-conadi\/\">Leer m\u00e1s<\/a><\/p>\n","protected":false},"author":2,"featured_media":3257,"comment_status":"closed","ping_status":"closed","sticky":false,"template":"","format":"standard","meta":{"footnotes":""},"categories":[1],"tags":[],"class_list":["post-3256","post","type-post","status-publish","format-standard","has-post-thumbnail","hentry","category-cronica"],"_links":{"self":[{"href":"https:\/\/www.radiopresidenteibanez.cl\/web\/wp-json\/wp\/v2\/posts\/3256","targetHints":{"allow":["GET"]}}],"collection":[{"href":"https:\/\/www.radiopresidenteibanez.cl\/web\/wp-json\/wp\/v2\/posts"}],"about":[{"href":"https:\/\/www.radiopresidenteibanez.cl\/web\/wp-json\/wp\/v2\/types\/post"}],"author":[{"embeddable":true,"href":"https:\/\/www.radiopresidenteibanez.cl\/web\/wp-json\/wp\/v2\/users\/2"}],"replies":[{"embeddable":true,"href":"https:\/\/www.radiopresidenteibanez.cl\/web\/wp-json\/wp\/v2\/comments?post=3256"}],"version-history":[{"count":0,"href":"https:\/\/www.radiopresidenteibanez.cl\/web\/wp-json\/wp\/v2\/posts\/3256\/revisions"}],"wp:featuredmedia":[{"embeddable":true,"href":"https:\/\/www.radiopresidenteibanez.cl\/web\/wp-json\/wp\/v2\/media\/3257"}],"wp:attachment":[{"href":"https:\/\/www.radiopresidenteibanez.cl\/web\/wp-json\/wp\/v2\/media?parent=3256"}],"wp:term":[{"taxonomy":"category","embeddable":true,"href":"https:\/\/www.radiopresidenteibanez.cl\/web\/wp-json\/wp\/v2\/categories?post=3256"},{"taxonomy":"post_tag","embeddable":true,"href":"https:\/\/www.radiopresidenteibanez.cl\/web\/wp-json\/wp\/v2\/tags?post=3256"}],"curies":[{"name":"wp","href":"https:\/\/api.w.org\/{rel}","templated":true}]}}