{"id":3254,"date":"2019-04-11T14:40:26","date_gmt":"2019-04-11T14:40:26","guid":{"rendered":"http:\/\/www.radiopresidenteibanez.cl\/web\/?p=3254"},"modified":"2019-04-11T14:41:04","modified_gmt":"2019-04-11T14:41:04","slug":"sujeto-debera-cumplir-mas-de-5-anos-de-carcel-efectiva-por-homicidio-frustrado-lesiones-y-amenazas-vif","status":"publish","type":"post","link":"https:\/\/www.radiopresidenteibanez.cl\/web\/sujeto-debera-cumplir-mas-de-5-anos-de-carcel-efectiva-por-homicidio-frustrado-lesiones-y-amenazas-vif\/","title":{"rendered":"SUJETO DEBER\u00c1 CUMPLIR MAS DE 5 A\u00d1OS DE C\u00c1RCEL EFECTIVA POR HOMICIDIO FRUSTRADO, LESIONES Y AMENAZAS VIF"},"content":{"rendered":"\n<p>A\n5 a\u00f1os y un d\u00eda de c\u00e1rcel efectiva fue condenado, hoy, G.A.L, como autor de homicidio frustrado en contra\nde su cu\u00f1ado, como tambi\u00e9n a&nbsp; 122 d\u00edas de c\u00e1rcel por lesiones graves y amenazas\nen contexto\nde violencia intrafamiliar.<\/p>\n\n\n\n<p>Durante el\njuicio oral, realizado en Porvenir, la fiscal Wendoline Acu\u00f1a, indic\u00f3 que el\nprimer delito fue cometido el&nbsp; 05 de noviembre de\n2017, aproximadamente a las 04.00 horas, en circunstancias que G.A.L. se encontraba\nen su domicilio junto a su familia, momento en que se produjo una discusi\u00f3n\nentre el acusado y su hermana por temas dom\u00e9sticos, siendo ella insultada, tomada fuertemente\ndel pelo y&nbsp; arrastrada por el piso,\nsac\u00e1ndola del domicilio, intercediendo por ella su pareja, tras lo cual el acusado tom\u00f3 un\ncuchillo marca Arcos, de 20 cm de largo, con el cual lo apu\u00f1al\u00f3 en reiteradas\nocasiones, provoc\u00e1ndole m\u00faltiples heridas cortopunzantes claviculares y\ntor\u00e1cicas, como tambi\u00e9n una herida cortante compleja en el brazo y en los dedos\nde la mano que le provocaron una hemorragia masiva, shock hipovol\u00e9mico con\nriesgo de muerte, debiendo ser trasladado v\u00eda a\u00e9rea al Hospital de Punta\nArenas, donde fue hospitalizado. <strong><\/strong><\/p>\n\n\n\n<p>A continuaci\u00f3n de estos hechos, la primera v\u00edctima \u00a0se traslad\u00f3 hasta el domicilio de su otra hermana a contarle lo que hab\u00eda ocurrido, mientras el acusado por tel\u00e9fono, la amenazaba de muerte si la recib\u00eda, lo que repiti\u00f3 en otra oportunidad durante una visita al hospital.<\/p>\n\n\n\n<figure class=\"wp-block-image\"><img loading=\"lazy\" decoding=\"async\" width=\"1024\" height=\"574\" src=\"http:\/\/www.radiopresidenteibanez.cl\/web\/wp-content\/uploads\/2019\/01\/Porvenir-4-950x533-1024x574-1024x574.jpg\" alt=\"\" class=\"wp-image-754\" srcset=\"https:\/\/www.radiopresidenteibanez.cl\/web\/wp-content\/uploads\/2019\/01\/Porvenir-4-950x533-1024x574.jpg 1024w, https:\/\/www.radiopresidenteibanez.cl\/web\/wp-content\/uploads\/2019\/01\/Porvenir-4-950x533-1024x574-300x168.jpg 300w, https:\/\/www.radiopresidenteibanez.cl\/web\/wp-content\/uploads\/2019\/01\/Porvenir-4-950x533-1024x574-768x431.jpg 768w\" sizes=\"auto, (max-width: 1024px) 100vw, 1024px\" \/><\/figure>\n","protected":false},"excerpt":{"rendered":"<p>A 5 a\u00f1os y un d\u00eda de c\u00e1rcel efectiva fue condenado, hoy, G.A.L, como autor de homicidio frustrado en contra de su cu\u00f1ado, como tambi\u00e9n a&nbsp; 122 d\u00edas de c\u00e1rcel&#8230; <a class=\"read-more\" href=\"https:\/\/www.radiopresidenteibanez.cl\/web\/sujeto-debera-cumplir-mas-de-5-anos-de-carcel-efectiva-por-homicidio-frustrado-lesiones-y-amenazas-vif\/\">Leer m\u00e1s<\/a><\/p>\n","protected":false},"author":2,"featured_media":754,"comment_status":"closed","ping_status":"closed","sticky":false,"template":"","format":"standard","meta":{"footnotes":""},"categories":[1],"tags":[],"class_list":["post-3254","post","type-post","status-publish","format-standard","has-post-thumbnail","hentry","category-cronica"],"_links":{"self":[{"href":"https:\/\/www.radiopresidenteibanez.cl\/web\/wp-json\/wp\/v2\/posts\/3254","targetHints":{"allow":["GET"]}}],"collection":[{"href":"https:\/\/www.radiopresidenteibanez.cl\/web\/wp-json\/wp\/v2\/posts"}],"about":[{"href":"https:\/\/www.radiopresidenteibanez.cl\/web\/wp-json\/wp\/v2\/types\/post"}],"author":[{"embeddable":true,"href":"https:\/\/www.radiopresidenteibanez.cl\/web\/wp-json\/wp\/v2\/users\/2"}],"replies":[{"embeddable":true,"href":"https:\/\/www.radiopresidenteibanez.cl\/web\/wp-json\/wp\/v2\/comments?post=3254"}],"version-history":[{"count":0,"href":"https:\/\/www.radiopresidenteibanez.cl\/web\/wp-json\/wp\/v2\/posts\/3254\/revisions"}],"wp:featuredmedia":[{"embeddable":true,"href":"https:\/\/www.radiopresidenteibanez.cl\/web\/wp-json\/wp\/v2\/media\/754"}],"wp:attachment":[{"href":"https:\/\/www.radiopresidenteibanez.cl\/web\/wp-json\/wp\/v2\/media?parent=3254"}],"wp:term":[{"taxonomy":"category","embeddable":true,"href":"https:\/\/www.radiopresidenteibanez.cl\/web\/wp-json\/wp\/v2\/categories?post=3254"},{"taxonomy":"post_tag","embeddable":true,"href":"https:\/\/www.radiopresidenteibanez.cl\/web\/wp-json\/wp\/v2\/tags?post=3254"}],"curies":[{"name":"wp","href":"https:\/\/api.w.org\/{rel}","templated":true}]}}