{"id":32537,"date":"2022-09-05T16:19:00","date_gmt":"2022-09-05T19:19:00","guid":{"rendered":"https:\/\/www.radiopresidenteibanez.cl\/web\/?p=32537"},"modified":"2022-09-05T15:11:46","modified_gmt":"2022-09-05T18:11:46","slug":"orgullo-unab-romina-santana-creadora-de-un-semillero-de-talentos-en-la-musica","status":"publish","type":"post","link":"https:\/\/www.radiopresidenteibanez.cl\/web\/orgullo-unab-romina-santana-creadora-de-un-semillero-de-talentos-en-la-musica\/","title":{"rendered":"ORGULLO UNAB | Romina Santana, creadora de un semillero de talentos en la m\u00fasica"},"content":{"rendered":"\n<p> Hace 12 a\u00f1os que Romina Santana se titul\u00f3 de la carrera de Educaci\u00f3n Musical en la U. Andr\u00e9s Bello. Esta cantante, autora y profesora aporta a la cultura y m\u00fasica chilena a trav\u00e9s de la creaci\u00f3n de Momentime Music, un semillero de talentos. <\/p>\n\n\n\n<p><em>\u201cSoy una mujer que no hace las cosas por simple motivaci\u00f3n, sino que por convicci\u00f3n\u201d<\/em>, es la frase que&nbsp;<strong>Romina Alexsandra Santana Arriagada<\/strong>&nbsp;dice que la define de la mejor manera.<\/p>\n\n\n\n<p>A sus 33 a\u00f1os, quien se titul\u00f3 de la carrera de&nbsp;<strong><a href=\"https:\/\/facultades.unab.cl\/educacionycssociales\/carreras\/educacion-musical\/\" target=\"_blank\" rel=\"noreferrer noopener\">Educaci\u00f3n Musical en la U. Andr\u00e9s Bello<\/a><\/strong>&nbsp;en 2010, se ha consagrado como una importante generadora de artistas nacionales y un aporte para la cultura chilena.<\/p>\n\n\n\n<p><strong>\u00bfPor qu\u00e9 decidiste estudiar Educaci\u00f3n Musical?<br><\/strong>Creo que m\u00e1s que haber decidido estudiar pedagog\u00eda en m\u00fasica, fue la carrera la que me encontr\u00f3 a m\u00ed. Mi plan, a los 17 a\u00f1os de edad, era estudiar canto popular en la Escuela Moderna de M\u00fasica, ya hab\u00eda viajado a Santiago desde Punta Arenas (mi ciudad natal) para dar el examen y ya hab\u00eda sido aceptada, sin embargo, por esas cosas que a mi parecer no son casualidad, recuerdo que, en el \u00faltimo minuto, a fines de febrero, mi padre recibi\u00f3 la noticia de que hab\u00eda sido despedido y con ello se terminaba tambi\u00e9n la posibilidad de estudiar en aquella escuela de m\u00fasica. Fue all\u00ed, cuando un joven me cuenta que ten\u00eda un amigo estudiando m\u00fasica en la Universidad Andr\u00e9s Bello de Santiago. A\u00fan me recuerdo que, al revisar la malla curricular de la carrera de Educaci\u00f3n Musical, qued\u00e9 impresionada por la gran cantidad de ramos te\u00f3ricos y pr\u00e1cticos del \u00e1rea musical, as\u00ed que no dude en postular. Y bueno, no me arrepiento en absoluto. All\u00ed recib\u00ed una gran formaci\u00f3n musical, pero adem\u00e1s recib\u00ed una formaci\u00f3n pedag\u00f3gica que hoy me permite ense\u00f1ar lo que m\u00e1s me apasiona, la m\u00fasica.<\/p>\n\n\n\n<div class=\"wp-block-image\"><figure class=\"alignright is-resized\"><img loading=\"lazy\" decoding=\"async\" src=\"https:\/\/noticias.unab.cl\/wp-content\/uploads\/2022\/08\/ROMINA_B-scaled.jpg\" alt=\"ROMINA_B\" class=\"wp-image-307009\" width=\"35\" height=\"24\"\/><\/figure><\/div>\n\n\n\n<p><strong>\u00bfC\u00f3mo ha sido tu camino profesional desde que decidiste estudiar esta carrera?<br><\/strong>Ha sido un camino de desaf\u00edos. Un camino en donde cada temporada te exige m\u00e1s, donde tus mayores lecciones, tanto personales como profesionales, las aprendes de tus mismos errores y desaciertos, pero que finalmente son las experiencias que te ayudan a crecer, a madurar y a saber que puedas dar mucho m\u00e1s. Estudiar esta carrera ya se constitu\u00eda en un desaf\u00edo y cu\u00e1nto m\u00e1s llevarla al plano laboral, en donde hab\u00eda que poner a prueba lo aprendido. Y trabajar en docencia cada d\u00eda se constituye en un desaf\u00edo, pues las exigencias tecnol\u00f3gicas y educativas requieren un aprendizaje constante y permanente de sus actores. Por ello, parte de mi camino profesional ha sido tratar de ganar experiencia en varios \u00e1mbitos de la educaci\u00f3n como lo es, la educaci\u00f3n particular, subvencionada y municipal, as\u00ed como la ense\u00f1anza comunitaria, a trav\u00e9s de talleres municipales. Asimismo, y de manera paralela, he dedicado algunos a\u00f1os para perfeccionarme en el \u00e1rea de la investigaci\u00f3n musical. Es as\u00ed, como hoy cuento con el t\u00edtulo de Mag\u00edster en Artes, menci\u00f3n musicolog\u00eda de la Universidad de Chile. Todo esto con el anhelo de seguir creciendo profesionalmente en el \u00e1rea tanto musical como de la ense\u00f1anza y la investigaci\u00f3n.<\/p>\n\n\n\n<p><strong>\u00bfQu\u00e9 recuerdas de tu paso por la UNAB?<br><\/strong>Llevo en mi memoria, el recuerdo de grandes maestros de los cuales tuve el honor de aprender y, que a pesar de todo el vasto conocimiento y experiencia que ellos llevaban consigo, la humildad y la sencillez eran virtudes que los caracterizaban y que yo admiraba much\u00edsimo. Ese trato cercano y sincero de los profesores es lo que m\u00e1s recuerdo y valoro hasta hoy. Otro recuerdo que tambi\u00e9n marc\u00f3 mi paso por la UNAB fueron los seminarios y encuentros musicales organizados por la carrera, donde se concertaban docentes, estudiantes de educaci\u00f3n musical de otras casas de estudio, entidades educacionales e invitados de alta talla nacional como internacional en el \u00e1mbito de la educaci\u00f3n musical como, por ejemplo, Violeta Hemsy de Gainza. Esos encuentros fueron muy inspiradores y gratificantes, llenos de m\u00fasica y de experiencias compartidas mutuamente.<\/p>\n","protected":false},"excerpt":{"rendered":"<p>Hace 12 a\u00f1os que Romina Santana se titul\u00f3 de la carrera de Educaci\u00f3n Musical en la U. Andr\u00e9s Bello. Esta cantante, autora y profesora aporta a la cultura y m\u00fasica&#8230; <a class=\"read-more\" href=\"https:\/\/www.radiopresidenteibanez.cl\/web\/orgullo-unab-romina-santana-creadora-de-un-semillero-de-talentos-en-la-musica\/\">Leer m\u00e1s<\/a><\/p>\n","protected":false},"author":2,"featured_media":32538,"comment_status":"closed","ping_status":"closed","sticky":false,"template":"","format":"standard","meta":{"footnotes":""},"categories":[1],"tags":[],"class_list":["post-32537","post","type-post","status-publish","format-standard","has-post-thumbnail","hentry","category-cronica"],"_links":{"self":[{"href":"https:\/\/www.radiopresidenteibanez.cl\/web\/wp-json\/wp\/v2\/posts\/32537","targetHints":{"allow":["GET"]}}],"collection":[{"href":"https:\/\/www.radiopresidenteibanez.cl\/web\/wp-json\/wp\/v2\/posts"}],"about":[{"href":"https:\/\/www.radiopresidenteibanez.cl\/web\/wp-json\/wp\/v2\/types\/post"}],"author":[{"embeddable":true,"href":"https:\/\/www.radiopresidenteibanez.cl\/web\/wp-json\/wp\/v2\/users\/2"}],"replies":[{"embeddable":true,"href":"https:\/\/www.radiopresidenteibanez.cl\/web\/wp-json\/wp\/v2\/comments?post=32537"}],"version-history":[{"count":0,"href":"https:\/\/www.radiopresidenteibanez.cl\/web\/wp-json\/wp\/v2\/posts\/32537\/revisions"}],"wp:featuredmedia":[{"embeddable":true,"href":"https:\/\/www.radiopresidenteibanez.cl\/web\/wp-json\/wp\/v2\/media\/32538"}],"wp:attachment":[{"href":"https:\/\/www.radiopresidenteibanez.cl\/web\/wp-json\/wp\/v2\/media?parent=32537"}],"wp:term":[{"taxonomy":"category","embeddable":true,"href":"https:\/\/www.radiopresidenteibanez.cl\/web\/wp-json\/wp\/v2\/categories?post=32537"},{"taxonomy":"post_tag","embeddable":true,"href":"https:\/\/www.radiopresidenteibanez.cl\/web\/wp-json\/wp\/v2\/tags?post=32537"}],"curies":[{"name":"wp","href":"https:\/\/api.w.org\/{rel}","templated":true}]}}