{"id":32531,"date":"2022-09-05T11:37:00","date_gmt":"2022-09-05T14:37:00","guid":{"rendered":"https:\/\/www.radiopresidenteibanez.cl\/web\/?p=32531"},"modified":"2022-09-05T11:32:11","modified_gmt":"2022-09-05T14:32:11","slug":"hospital-de-natales-da-la-bienvenida-al-nuevo-psiquiatra-adulto-que-otorgara-prestaciones-en-el-servicio-de-hospital-de-dia","status":"publish","type":"post","link":"https:\/\/www.radiopresidenteibanez.cl\/web\/hospital-de-natales-da-la-bienvenida-al-nuevo-psiquiatra-adulto-que-otorgara-prestaciones-en-el-servicio-de-hospital-de-dia\/","title":{"rendered":"HOSPITAL DE NATALES DA LA BIENVENIDA AL NUEVO PSIQUIATRA ADULTO QUE OTORGARA PRESTACIONES EN EL SERVICIO DE HOSPITAL DE DIA"},"content":{"rendered":"\n<p>Gracias a las gestiones realizadas por el Servicio de Salud Magallanes (SSM) y el Hospital Dr. Augusto Essmann Burgos, durante esta semana se dio la bienvenida al Dr. Marcos Barrientos Vergara; m\u00e9dico psiquiatra de adultos de la Universidad de Chile, quien otorgar\u00e1 prestaciones en el servicio de Hospital de D\u00eda del recinto asistencial natalino los d\u00edas lunes y martes de 08:30 hrs. a 15:30 hrs y de 8:30 hrs a 12:30 hrs respectivamente.<\/p>\n\n\n\n<p><br> En ese sentido, el especialista se\u00f1al\u00f3 que \u201ctengo como expectativa contribuir y ayudar a la comunidad natalina en un \u00e1rea que es de gran importancia hoy en d\u00eda. La idea es tratar de hacer lo mejor posible en beneficio de los pacientes y que reciban los tratamientos y las indicaciones correspondientes\u201d, indic\u00f3 el facultativo.<\/p>\n","protected":false},"excerpt":{"rendered":"<p>Gracias a las gestiones realizadas por el Servicio de Salud Magallanes (SSM) y el Hospital Dr. Augusto Essmann Burgos, durante esta semana se dio la bienvenida al Dr. Marcos Barrientos&#8230; <a class=\"read-more\" href=\"https:\/\/www.radiopresidenteibanez.cl\/web\/hospital-de-natales-da-la-bienvenida-al-nuevo-psiquiatra-adulto-que-otorgara-prestaciones-en-el-servicio-de-hospital-de-dia\/\">Leer m\u00e1s<\/a><\/p>\n","protected":false},"author":2,"featured_media":32532,"comment_status":"closed","ping_status":"closed","sticky":false,"template":"","format":"standard","meta":{"footnotes":""},"categories":[1],"tags":[],"class_list":["post-32531","post","type-post","status-publish","format-standard","has-post-thumbnail","hentry","category-cronica"],"_links":{"self":[{"href":"https:\/\/www.radiopresidenteibanez.cl\/web\/wp-json\/wp\/v2\/posts\/32531","targetHints":{"allow":["GET"]}}],"collection":[{"href":"https:\/\/www.radiopresidenteibanez.cl\/web\/wp-json\/wp\/v2\/posts"}],"about":[{"href":"https:\/\/www.radiopresidenteibanez.cl\/web\/wp-json\/wp\/v2\/types\/post"}],"author":[{"embeddable":true,"href":"https:\/\/www.radiopresidenteibanez.cl\/web\/wp-json\/wp\/v2\/users\/2"}],"replies":[{"embeddable":true,"href":"https:\/\/www.radiopresidenteibanez.cl\/web\/wp-json\/wp\/v2\/comments?post=32531"}],"version-history":[{"count":0,"href":"https:\/\/www.radiopresidenteibanez.cl\/web\/wp-json\/wp\/v2\/posts\/32531\/revisions"}],"wp:featuredmedia":[{"embeddable":true,"href":"https:\/\/www.radiopresidenteibanez.cl\/web\/wp-json\/wp\/v2\/media\/32532"}],"wp:attachment":[{"href":"https:\/\/www.radiopresidenteibanez.cl\/web\/wp-json\/wp\/v2\/media?parent=32531"}],"wp:term":[{"taxonomy":"category","embeddable":true,"href":"https:\/\/www.radiopresidenteibanez.cl\/web\/wp-json\/wp\/v2\/categories?post=32531"},{"taxonomy":"post_tag","embeddable":true,"href":"https:\/\/www.radiopresidenteibanez.cl\/web\/wp-json\/wp\/v2\/tags?post=32531"}],"curies":[{"name":"wp","href":"https:\/\/api.w.org\/{rel}","templated":true}]}}